{"id":50299,"date":"2025-02-15T00:01:03","date_gmt":"2025-02-15T06:01:03","guid":{"rendered":"https:\/\/noticiasveracruz.com\/?p=50299"},"modified":"2025-02-14T17:39:14","modified_gmt":"2025-02-14T23:39:14","slug":"morena-aun-no-tiene-lista-oficial-de-ganadores-en-encuestas-ramirez-zepeta","status":"publish","type":"post","link":"https:\/\/noticiasveracruz.com\/index.php\/2025\/02\/15\/morena-aun-no-tiene-lista-oficial-de-ganadores-en-encuestas-ramirez-zepeta\/","title":{"rendered":"Morena a\u00fan no tiene lista oficial de ganadores en encuestas: Ram\u00edrez Zepeta"},"content":{"rendered":"<p>El presidente del Comit\u00e9 Ejecutivo Estatal de Morena en Veracruz, Esteban Ram\u00edrez Zepeta, aclar\u00f3 que a\u00fan no hay una lista oficial de ganadores en las encuestas que el partido est\u00e1 realizando en diversos municipios.<\/p>\n<p>El dirigente enfatiz\u00f3 que el proceso de medici\u00f3n sigue en marcha y que es falso que haya resultados definitivos. \u00abTodav\u00eda hay encuestas en proceso, entonces no hay nada oficial, no hay nada definido\u00bb, subray\u00f3 en entrevista.<\/p>\n<p>Ram\u00edrez Zepeta atribuy\u00f3 la circulaci\u00f3n de informaci\u00f3n err\u00f3nea a la inquietud de algunos aspirantes. \u00abEntiendo que hay mucha efervescencia, pero no hay que malinformar. Estamos en la etapa de encuestas y despu\u00e9s vendr\u00e1 la ponderaci\u00f3n de opiniones\u00bb, explic\u00f3.<\/p>\n<p>Record\u00f3 que m\u00e1s de 5 mil aspirantes se registraron en el proceso interno y que ser\u00e1 la Comisi\u00f3n Nacional de Encuestas la encargada de definir los perfiles que avanzar\u00e1n en la contienda.<\/p>\n","protected":false},"excerpt":{"rendered":"<p>El presidente del Comit\u00e9 Ejecutivo Estatal de Morena en Veracruz, Esteban Ram\u00edrez Zepeta, aclar\u00f3 que a\u00fan no hay una lista<\/p>\n","protected":false},"author":4,"featured_media":50300,"comment_status":"closed","ping_status":"closed","sticky":false,"template":"","format":"standard","meta":{"colormag_page_container_layout":"default_layout","colormag_page_sidebar_layout":"default_layout","_jetpack_memberships_contains_paid_content":false,"footnotes":"","jetpack_publicize_message":"","jetpack_publicize_feature_enabled":true,"jetpack_social_post_already_shared":true,"jetpack_social_options":{"image_generator_settings":{"template":"highway","default_image_id":0,"font":"","enabled":false},"version":2}},"categories":[356],"tags":[],"class_list":["post-50299","post","type-post","status-publish","format-standard","has-post-thumbnail","hentry","category-veracruz"],"jetpack_publicize_connections":[],"jetpack_featured_media_url":"https:\/\/noticiasveracruz.com\/wp-content\/uploads\/2025\/02\/WhatsApp-Image-2022-07-14-at-11.08.23-AM.jpeg","jetpack_sharing_enabled":true,"publishpress_future_action":{"enabled":false,"date":"2026-05-08 05:41:22","action":"change-status","newStatus":"draft","terms":[],"taxonomy":"category","extraData":[]},"publishpress_future_workflow_manual_trigger":{"enabledWorkflows":[]},"_links":{"self":[{"href":"https:\/\/noticiasveracruz.com\/index.php\/wp-json\/wp\/v2\/posts\/50299","targetHints":{"allow":["GET"]}}],"collection":[{"href":"https:\/\/noticiasveracruz.com\/index.php\/wp-json\/wp\/v2\/posts"}],"about":[{"href":"https:\/\/noticiasveracruz.com\/index.php\/wp-json\/wp\/v2\/types\/post"}],"author":[{"embeddable":true,"href":"https:\/\/noticiasveracruz.com\/index.php\/wp-json\/wp\/v2\/users\/4"}],"replies":[{"embeddable":true,"href":"https:\/\/noticiasveracruz.com\/index.php\/wp-json\/wp\/v2\/comments?post=50299"}],"version-history":[{"count":0,"href":"https:\/\/noticiasveracruz.com\/index.php\/wp-json\/wp\/v2\/posts\/50299\/revisions"}],"wp:featuredmedia":[{"embeddable":true,"href":"https:\/\/noticiasveracruz.com\/index.php\/wp-json\/wp\/v2\/media\/50300"}],"wp:attachment":[{"href":"https:\/\/noticiasveracruz.com\/index.php\/wp-json\/wp\/v2\/media?parent=50299"}],"wp:term":[{"taxonomy":"category","embeddable":true,"href":"https:\/\/noticiasveracruz.com\/index.php\/wp-json\/wp\/v2\/categories?post=50299"},{"taxonomy":"post_tag","embeddable":true,"href":"https:\/\/noticiasveracruz.com\/index.php\/wp-json\/wp\/v2\/tags?post=50299"}],"curies":[{"name":"wp","href":"https:\/\/api.w.org\/{rel}","templated":true}]}}