{"id":50275,"date":"2025-02-14T00:17:51","date_gmt":"2025-02-14T06:17:51","guid":{"rendered":"https:\/\/noticiasveracruz.com\/?p=50275"},"modified":"2025-02-13T22:30:39","modified_gmt":"2025-02-14T04:30:39","slug":"eu-e-india-iniciaran-negociaciones-sobre-desequilibrio-comercial","status":"publish","type":"post","link":"https:\/\/noticiasveracruz.com\/index.php\/2025\/02\/14\/eu-e-india-iniciaran-negociaciones-sobre-desequilibrio-comercial\/","title":{"rendered":"EU e India iniciar\u00e1n negociaciones sobre desequilibrio comercial"},"content":{"rendered":"<p>Estados Unidos e India entablar\u00e1n negociaciones para reequilibrar su balanza comercial, anunciaron el presidente estadunidense, Donald Trump, y el primer ministro indio, Narendra Modi, en rueda de prensa en Washington.<\/p>\n<p>\u00abHoy el d\u00e9ficit comercial estadunidense con India es de casi 100 mil millones de d\u00f3lares, y el primer ministro Modi y yo hemos acordado iniciar negociaciones para abordar esta disparidad de larga data que deber\u00eda haberse abordado en los \u00faltimos cuatro a\u00f1os\u00bb, declar\u00f3 Trump.<\/p>\n<p>\u00abNuestros equipos trabajar\u00e1n para concluir muy pronto un acuerdo comercial mutuamente ben\u00e9fico\u00bb, confirm\u00f3 Modi.<\/p>\n","protected":false},"excerpt":{"rendered":"<p>Estados Unidos e India entablar\u00e1n negociaciones para reequilibrar su balanza comercial, anunciaron el presidente estadunidense, Donald Trump, y el primer<\/p>\n","protected":false},"author":4,"featured_media":50276,"comment_status":"closed","ping_status":"closed","sticky":false,"template":"","format":"standard","meta":{"colormag_page_container_layout":"default_layout","colormag_page_sidebar_layout":"default_layout","_jetpack_memberships_contains_paid_content":false,"footnotes":"","jetpack_publicize_message":"","jetpack_publicize_feature_enabled":true,"jetpack_social_post_already_shared":true,"jetpack_social_options":{"image_generator_settings":{"template":"highway","default_image_id":0,"font":"","enabled":false},"version":2}},"categories":[355],"tags":[],"class_list":["post-50275","post","type-post","status-publish","format-standard","has-post-thumbnail","hentry","category-internacional"],"jetpack_publicize_connections":[],"jetpack_featured_media_url":"https:\/\/noticiasveracruz.com\/wp-content\/uploads\/2025\/02\/IND.jpg","jetpack_sharing_enabled":true,"publishpress_future_action":{"enabled":false,"date":"2026-05-08 11:40:38","action":"change-status","newStatus":"draft","terms":[],"taxonomy":"category","extraData":[]},"publishpress_future_workflow_manual_trigger":{"enabledWorkflows":[]},"_links":{"self":[{"href":"https:\/\/noticiasveracruz.com\/index.php\/wp-json\/wp\/v2\/posts\/50275","targetHints":{"allow":["GET"]}}],"collection":[{"href":"https:\/\/noticiasveracruz.com\/index.php\/wp-json\/wp\/v2\/posts"}],"about":[{"href":"https:\/\/noticiasveracruz.com\/index.php\/wp-json\/wp\/v2\/types\/post"}],"author":[{"embeddable":true,"href":"https:\/\/noticiasveracruz.com\/index.php\/wp-json\/wp\/v2\/users\/4"}],"replies":[{"embeddable":true,"href":"https:\/\/noticiasveracruz.com\/index.php\/wp-json\/wp\/v2\/comments?post=50275"}],"version-history":[{"count":0,"href":"https:\/\/noticiasveracruz.com\/index.php\/wp-json\/wp\/v2\/posts\/50275\/revisions"}],"wp:featuredmedia":[{"embeddable":true,"href":"https:\/\/noticiasveracruz.com\/index.php\/wp-json\/wp\/v2\/media\/50276"}],"wp:attachment":[{"href":"https:\/\/noticiasveracruz.com\/index.php\/wp-json\/wp\/v2\/media?parent=50275"}],"wp:term":[{"taxonomy":"category","embeddable":true,"href":"https:\/\/noticiasveracruz.com\/index.php\/wp-json\/wp\/v2\/categories?post=50275"},{"taxonomy":"post_tag","embeddable":true,"href":"https:\/\/noticiasveracruz.com\/index.php\/wp-json\/wp\/v2\/tags?post=50275"}],"curies":[{"name":"wp","href":"https:\/\/api.w.org\/{rel}","templated":true}]}}