{"id":50272,"date":"2025-02-14T00:16:09","date_gmt":"2025-02-14T06:16:09","guid":{"rendered":"https:\/\/noticiasveracruz.com\/?p=50272"},"modified":"2025-02-13T22:27:58","modified_gmt":"2025-02-14T04:27:58","slug":"celebran-en-nayarit-la-59-asamblea-nacional-de-secretarios-de-turismo","status":"publish","type":"post","link":"https:\/\/noticiasveracruz.com\/index.php\/2025\/02\/14\/celebran-en-nayarit-la-59-asamblea-nacional-de-secretarios-de-turismo\/","title":{"rendered":"Celebran en Nayarit la 59 Asamblea nacional de secretarios de Turismo"},"content":{"rendered":"<div id=\"article-content-tts\" class=\"nota-contenido mb-5\">\n<div id=\"content_nitf\">\n<div>\n<div class=\"nH\">\n<div class=\"nH\">\n<div class=\"nH aqk aql bkL\">\n<div class=\"nH bkK\">\n<div class=\"nH\">\n<div class=\"nH ar4 z\">\n<div class=\"\">\n<div class=\"AO\">\n<div class=\"Tm aeJ\">\n<div class=\"aeF\">\n<div class=\"nH\">\n<div class=\"nH\">\n<div class=\"nH g\">\n<div class=\"nH a98 iY\">\n<div class=\"nH\">\n<div class=\"aHU hx\">\n<div>\n<div class=\"h7 ie\" tabindex=\"-1\">\n<div class=\"Bk\">\n<div class=\"G3 G2\">\n<div>\n<div class=\"adn ads\">\n<div class=\"gs\">\n<div class=\"\">\n<div class=\"ii gt\">\n<div class=\"a3s aiL \">\n<div dir=\"ltr\">\n<div class=\"gmail_default\">\n<p>Con la presencia del gobernador Miguel Angel Navarro Quintero, este mi\u00e9rcoles\u00a0se realiz\u00f3 la 59 Asamblea Ordinaria de la Uni\u00f3n de Secretarios de Turismo de M\u00e9xico (Asetur) en la que asumi\u00f3 la presidencia el secretario de Turismo de Quintana Roo, Bernardo Cueto Riestra, quien estar\u00e1 en el cargo para el periodo 2025-2026.<\/p>\n<p>En el acto, realizado en el hotel escuela de la Universidad Tecnol\u00f3gica de Bah\u00eda de Banderas(UTBB) estuvo el presidente de Asetur saliente, el secretario de turismo de Nayarit, Juan Enrique Su\u00e1rez del Real Tostado.<\/p>\n<p>\u201cLa visi\u00f3n de esta nueva mesa directiva tendr\u00e1 su cimiento en los resultados que hemos logrado, los cuales han podido visibilizar el gran trabajo de los estados de la Rep\u00fablica Mexicana en materia tur\u00edstica, as\u00ed como fortalecer las relaciones tanto nacionales como internacionales\u201d, expuso Cueto Riestra.<\/p>\n<p>Afirm\u00f3 que fortalecer\u00e1 la estructura y la operatividad de esta asociaci\u00f3n, adem\u00e1s de considerar que \u00abeste es un gran espacio de sinergias. Con el apoyo de sus miembros vamos a lograr mejorar esquemas financieros, administrativos y de operatividad\u00bb, prometi\u00f3.<\/p>\n<p>En su mensaje a los secretarios de turismo, el gobernador de Nayarit, el morenista Miguel Angel Navarro Quintero sostuvo que en el pa\u00eds no deben gobernar los partidos, sino las sociedad en su conjunto, los prop\u00f3sitos, las causas y las ideas.<\/p>\n<p>Dijo que Juan Enrique del Real hizo y est\u00e1 haciendo\u00bbun extraordinario trabajo\u00bb en Nayarit. Consider\u00f3 que la entidad \u201choy en d\u00eda ha encontrado una veta\u201d en alusi\u00f3n al sector turismo.\u00bbEl turismo es la veta principal que tenemos que cuidar\u00bb, subray\u00f3.<\/p>\n<\/div>\n<\/div>\n<\/div>\n<\/div>\n<\/div>\n<\/div>\n<\/div>\n<\/div>\n<\/div>\n<\/div>\n<\/div>\n<\/div>\n<\/div>\n<\/div>\n<\/div>\n<\/div>\n<\/div>\n<\/div>\n<\/div>\n<\/div>\n<\/div>\n<\/div>\n<\/div>\n<\/div>\n<\/div>\n<\/div>\n<\/div>\n<\/div>\n<\/div>\n<\/div>\n<\/div>\n<div class=\"notas-relacionadas\"><\/div>\n<div class=\"nota-tags\"><\/div>\n","protected":false},"excerpt":{"rendered":"<p>Con la presencia del gobernador Miguel Angel Navarro Quintero, este mi\u00e9rcoles\u00a0se realiz\u00f3 la 59 Asamblea Ordinaria de la Uni\u00f3n de<\/p>\n","protected":false},"author":4,"featured_media":50273,"comment_status":"closed","ping_status":"closed","sticky":false,"template":"","format":"standard","meta":{"colormag_page_container_layout":"default_layout","colormag_page_sidebar_layout":"default_layout","_jetpack_memberships_contains_paid_content":false,"footnotes":"","jetpack_publicize_message":"","jetpack_publicize_feature_enabled":true,"jetpack_social_post_already_shared":true,"jetpack_social_options":{"image_generator_settings":{"template":"highway","default_image_id":0,"font":"","enabled":false},"version":2}},"categories":[145],"tags":[],"class_list":["post-50272","post","type-post","status-publish","format-standard","has-post-thumbnail","hentry","category-estados"],"jetpack_publicize_connections":[],"jetpack_featured_media_url":"https:\/\/noticiasveracruz.com\/wp-content\/uploads\/2025\/02\/NAY.jpg","jetpack_sharing_enabled":true,"publishpress_future_action":{"enabled":false,"date":"2026-05-08 12:32:39","action":"change-status","newStatus":"draft","terms":[],"taxonomy":"category","extraData":[]},"publishpress_future_workflow_manual_trigger":{"enabledWorkflows":[]},"_links":{"self":[{"href":"https:\/\/noticiasveracruz.com\/index.php\/wp-json\/wp\/v2\/posts\/50272","targetHints":{"allow":["GET"]}}],"collection":[{"href":"https:\/\/noticiasveracruz.com\/index.php\/wp-json\/wp\/v2\/posts"}],"about":[{"href":"https:\/\/noticiasveracruz.com\/index.php\/wp-json\/wp\/v2\/types\/post"}],"author":[{"embeddable":true,"href":"https:\/\/noticiasveracruz.com\/index.php\/wp-json\/wp\/v2\/users\/4"}],"replies":[{"embeddable":true,"href":"https:\/\/noticiasveracruz.com\/index.php\/wp-json\/wp\/v2\/comments?post=50272"}],"version-history":[{"count":0,"href":"https:\/\/noticiasveracruz.com\/index.php\/wp-json\/wp\/v2\/posts\/50272\/revisions"}],"wp:featuredmedia":[{"embeddable":true,"href":"https:\/\/noticiasveracruz.com\/index.php\/wp-json\/wp\/v2\/media\/50273"}],"wp:attachment":[{"href":"https:\/\/noticiasveracruz.com\/index.php\/wp-json\/wp\/v2\/media?parent=50272"}],"wp:term":[{"taxonomy":"category","embeddable":true,"href":"https:\/\/noticiasveracruz.com\/index.php\/wp-json\/wp\/v2\/categories?post=50272"},{"taxonomy":"post_tag","embeddable":true,"href":"https:\/\/noticiasveracruz.com\/index.php\/wp-json\/wp\/v2\/tags?post=50272"}],"curies":[{"name":"wp","href":"https:\/\/api.w.org\/{rel}","templated":true}]}}