{"id":50263,"date":"2025-02-14T00:13:00","date_gmt":"2025-02-14T06:13:00","guid":{"rendered":"https:\/\/noticiasveracruz.com\/?p=50263"},"modified":"2025-02-13T22:22:04","modified_gmt":"2025-02-14T04:22:04","slug":"realizan-paro-laboral-25-mil-trabajadores-educativos-de-zacatecas","status":"publish","type":"post","link":"https:\/\/noticiasveracruz.com\/index.php\/2025\/02\/14\/realizan-paro-laboral-25-mil-trabajadores-educativos-de-zacatecas\/","title":{"rendered":"Realizan paro laboral 25 mil trabajadores educativos de Zacatecas"},"content":{"rendered":"<p>Ante la negativa del gobierno del estado para pagar acuerdos con el magisterio, este jueves la secci\u00f3n 34 del SNTE realiz\u00f3 con sus 25 mil agremiados un paro general del sistema estatal educativo. Adem\u00e1s del paro escolar, integrantes del magisterio bloquearon los accesos a Ciudad Gobierno, donde se ubican una docena de dependencias donde laboran m\u00e1s de 8 mil bur\u00f3cratas.<\/p>\n<p>Filiberto Frausto Orozco, l\u00edder de la Secci\u00f3n la secci\u00f3n 34 del SNTE, fue contundente en su mensaje del porqu\u00e9, se realiz\u00f3 el paro general de labores: \u201cla culpa es del gobierno del estado\u201d.<\/p>\n<p>\u00abDebido a la cerraz\u00f3n de la Secretaria de Educaci\u00f3n y del gobierno del estado para atender las leg\u00edtimas demandas de nuestro gremio, se decidi\u00f3 sostener el paro laboral de manera indefinida y continuar con la toma de la Secretar\u00eda de Educaci\u00f3n y el complejo de Ciudad Administrativa.<\/p>\n<p>Adem\u00e1s, se\u00f1al\u00f3 el dirigente, se mantiene la exigencia de una mesa de trabajo con las autoridades estatales, para resolver los siguientes puntos:<\/p>\n<p>\u201cPago de Becas para hijos de trabajadores de la educaci\u00f3n correspondientes al a\u00f1o 2024. El cumplimiento, en tiempo y forma, del pago de becas, bonos, y dem\u00e1s prestaciones correspondientes al 2025 para todos los sectores de la educaci\u00f3n, y que no haya ning\u00fan tipo de sanci\u00f3n para quienes ejercen su derecho a la libre manifestaci\u00f3n\u201d.<\/p>\n<p>Asimismo, Frausto Orozco exigi\u00f3 \u201cque se contenga la rezonificaci\u00f3n que afecta los derechos laborales de los y las educadoras en el nivel preescolar de Jerez. Que se resuelva, sin afectar los derechos laborales del personal docente y resolver la problem\u00e1tica existente en la Secundaria General Benito Ju\u00e1rez de Fresnillo\u201d, sobre falta de asignaci\u00f3n de maestros.<\/p>\n<p>Finalmente, expuso el l\u00edder del magisterio zacatecano, \u201cque se revisen los protocolos de Convivencia Escolar que vulneran los derechos laborales de los trabajadores de la educaci\u00f3n. Que se incremente la bolsa destinada a bonos para jubilados y se publique la convocatoria para Becas Comisi\u00f3n en nuestro estado\u201d, entre otras exigencias.<\/p>\n","protected":false},"excerpt":{"rendered":"<p>Ante la negativa del gobierno del estado para pagar acuerdos con el magisterio, este jueves la secci\u00f3n 34 del SNTE<\/p>\n","protected":false},"author":4,"featured_media":50264,"comment_status":"closed","ping_status":"closed","sticky":false,"template":"","format":"standard","meta":{"colormag_page_container_layout":"default_layout","colormag_page_sidebar_layout":"default_layout","_jetpack_memberships_contains_paid_content":false,"footnotes":"","jetpack_publicize_message":"","jetpack_publicize_feature_enabled":true,"jetpack_social_post_already_shared":true,"jetpack_social_options":{"image_generator_settings":{"template":"highway","default_image_id":0,"font":"","enabled":false},"version":2}},"categories":[145],"tags":[],"class_list":["post-50263","post","type-post","status-publish","format-standard","has-post-thumbnail","hentry","category-estados"],"jetpack_publicize_connections":[],"jetpack_featured_media_url":"https:\/\/noticiasveracruz.com\/wp-content\/uploads\/2025\/02\/MAES.jpg","jetpack_sharing_enabled":true,"publishpress_future_action":{"enabled":false,"date":"2026-05-10 05:42:50","action":"change-status","newStatus":"draft","terms":[],"taxonomy":"category","extraData":[]},"publishpress_future_workflow_manual_trigger":{"enabledWorkflows":[]},"_links":{"self":[{"href":"https:\/\/noticiasveracruz.com\/index.php\/wp-json\/wp\/v2\/posts\/50263","targetHints":{"allow":["GET"]}}],"collection":[{"href":"https:\/\/noticiasveracruz.com\/index.php\/wp-json\/wp\/v2\/posts"}],"about":[{"href":"https:\/\/noticiasveracruz.com\/index.php\/wp-json\/wp\/v2\/types\/post"}],"author":[{"embeddable":true,"href":"https:\/\/noticiasveracruz.com\/index.php\/wp-json\/wp\/v2\/users\/4"}],"replies":[{"embeddable":true,"href":"https:\/\/noticiasveracruz.com\/index.php\/wp-json\/wp\/v2\/comments?post=50263"}],"version-history":[{"count":0,"href":"https:\/\/noticiasveracruz.com\/index.php\/wp-json\/wp\/v2\/posts\/50263\/revisions"}],"wp:featuredmedia":[{"embeddable":true,"href":"https:\/\/noticiasveracruz.com\/index.php\/wp-json\/wp\/v2\/media\/50264"}],"wp:attachment":[{"href":"https:\/\/noticiasveracruz.com\/index.php\/wp-json\/wp\/v2\/media?parent=50263"}],"wp:term":[{"taxonomy":"category","embeddable":true,"href":"https:\/\/noticiasveracruz.com\/index.php\/wp-json\/wp\/v2\/categories?post=50263"},{"taxonomy":"post_tag","embeddable":true,"href":"https:\/\/noticiasveracruz.com\/index.php\/wp-json\/wp\/v2\/tags?post=50263"}],"curies":[{"name":"wp","href":"https:\/\/api.w.org\/{rel}","templated":true}]}}