{"id":50233,"date":"2025-02-14T00:03:58","date_gmt":"2025-02-14T06:03:58","guid":{"rendered":"https:\/\/noticiasveracruz.com\/?p=50233"},"modified":"2025-02-13T21:46:39","modified_gmt":"2025-02-14T03:46:39","slug":"apuesta-veracruz-al-alto-rendimiento-deportivo","status":"publish","type":"post","link":"https:\/\/noticiasveracruz.com\/index.php\/2025\/02\/14\/apuesta-veracruz-al-alto-rendimiento-deportivo\/","title":{"rendered":"Apuesta Veracruz al alto rendimiento deportivo"},"content":{"rendered":"<p>Tras una exhibici\u00f3n art\u00edstica de diversas disciplinas, la gobernadora Roc\u00edo Nahle Garc\u00eda inaugur\u00f3 la fase estatal de los Nacionales CONADE 2025, deseando \u00e9xito a los participantes que competir\u00e1n este fin de semana en busca de su clasificaci\u00f3n.<\/p>\n<p>Desde la Arena Veracruz, ante m\u00e1s de 2 mil j\u00f3venes de entre 12 y 23 a\u00f1os que disputar\u00e1n su pase en 25 disciplinas, expres\u00f3 su confianza en el talento veracruzano, \u201cestoy segura de que representar\u00e1n dignamente a nuestro estado y traer\u00e1n grandes resultados\u201d.<\/p>\n<p>Destac\u00f3 la importancia de la actividad f\u00edsica como pilar en la formaci\u00f3n de la juventud, junto con la educaci\u00f3n y la salud. \u201cEste es el camino, nos sentimos orgullosos de ustedes y los respaldaremos durante los pr\u00f3ximos seis a\u00f1os, porque tienen un gran talento.<\/p>\n<p>En representaci\u00f3n de la Comisi\u00f3n Nacional de Cultura F\u00edsica y Deporte, Fernando Platas \u00c1lvarez reconoci\u00f3 el compromiso de la Gobernadora por impulsar el desarrollo deportivo, as\u00ed como la visi\u00f3n de incluir a un medallista ol\u00edmpico al frente de la pol\u00edtica p\u00fablica en la materia, en referencia a Crisanto Grajales Valencia.<\/p>\n<p>Durante la ceremonia, el propio Crisanto Grajales, encargado de despacho de la Direcci\u00f3n General del Instituto Veracruzano del Deporte, resalt\u00f3 el esfuerzo y la disciplina de quienes han elegido esta senda, subrayando que el \u00e9xito no solo depende de la motivaci\u00f3n inicial, sino de la constancia diaria.<\/p>\n<p>Adem\u00e1s, reafirm\u00f3 el respaldo del Gobierno del Estado en cada etapa del desarrollo de los deportistas, asegurando que las instituciones estar\u00e1n a la altura del esfuerzo y la dedicaci\u00f3n que estos j\u00f3venes ponen en su preparaci\u00f3n.<\/p>\n<p>Las competencias se llevar\u00e1n a cabo del 14 de febrero al 30 de marzo en Boca del R\u00edo, Catemaco, Coatzacoalcos, C\u00f3rdoba, Orizaba, Poza Rica, Tuxpan, Veracruz y Xalapa, quienes superen esta fase avanzar\u00e1n a la etapa nacional, donde Veracruz tendr\u00e1 representaci\u00f3n en 39 de las 51 disciplinas.<\/p>\n<p>El tradicional relevo de la antorcha estuvo a cargo de los medallistas Nely Miranda, la Marisela Fonseca, Jared Isa\u00ed Oliva Silva y \u00c1ngeles Cruz, quien encendi\u00f3 el pebetero.<\/p>\n<p>A la inauguraci\u00f3n se sumaron la secretaria de Educaci\u00f3n, Claudia Tello Espinosa; la presidenta del Poder Legislativo, Tanya Carola Viveros Ch\u00e1zaro; la diputada presidenta de la Comisi\u00f3n de Juventud, Deporte y Personas con Discapacidad, Ivonne Selene Dur\u00e1n L\u00f3pez; as\u00ed como las autoridades municipales de Veracruz y Boca del R\u00edo, Patricia Lobeira Rodr\u00edguez y Juan Manuel de Unanue Abascal.<\/p>\n","protected":false},"excerpt":{"rendered":"<p>Tras una exhibici\u00f3n art\u00edstica de diversas disciplinas, la gobernadora Roc\u00edo Nahle Garc\u00eda inaugur\u00f3 la fase estatal de los Nacionales CONADE<\/p>\n","protected":false},"author":4,"featured_media":50234,"comment_status":"closed","ping_status":"closed","sticky":false,"template":"","format":"standard","meta":{"colormag_page_container_layout":"default_layout","colormag_page_sidebar_layout":"default_layout","_jetpack_memberships_contains_paid_content":false,"footnotes":"","jetpack_publicize_message":"","jetpack_publicize_feature_enabled":true,"jetpack_social_post_already_shared":true,"jetpack_social_options":{"image_generator_settings":{"template":"highway","default_image_id":0,"font":"","enabled":false},"version":2}},"categories":[356],"tags":[],"class_list":["post-50233","post","type-post","status-publish","format-standard","has-post-thumbnail","hentry","category-veracruz"],"jetpack_publicize_connections":[],"jetpack_featured_media_url":"https:\/\/noticiasveracruz.com\/wp-content\/uploads\/2025\/02\/9a-9.jpg","jetpack_sharing_enabled":true,"publishpress_future_action":{"enabled":false,"date":"2026-05-10 05:43:09","action":"change-status","newStatus":"draft","terms":[],"taxonomy":"category","extraData":[]},"publishpress_future_workflow_manual_trigger":{"enabledWorkflows":[]},"_links":{"self":[{"href":"https:\/\/noticiasveracruz.com\/index.php\/wp-json\/wp\/v2\/posts\/50233","targetHints":{"allow":["GET"]}}],"collection":[{"href":"https:\/\/noticiasveracruz.com\/index.php\/wp-json\/wp\/v2\/posts"}],"about":[{"href":"https:\/\/noticiasveracruz.com\/index.php\/wp-json\/wp\/v2\/types\/post"}],"author":[{"embeddable":true,"href":"https:\/\/noticiasveracruz.com\/index.php\/wp-json\/wp\/v2\/users\/4"}],"replies":[{"embeddable":true,"href":"https:\/\/noticiasveracruz.com\/index.php\/wp-json\/wp\/v2\/comments?post=50233"}],"version-history":[{"count":0,"href":"https:\/\/noticiasveracruz.com\/index.php\/wp-json\/wp\/v2\/posts\/50233\/revisions"}],"wp:featuredmedia":[{"embeddable":true,"href":"https:\/\/noticiasveracruz.com\/index.php\/wp-json\/wp\/v2\/media\/50234"}],"wp:attachment":[{"href":"https:\/\/noticiasveracruz.com\/index.php\/wp-json\/wp\/v2\/media?parent=50233"}],"wp:term":[{"taxonomy":"category","embeddable":true,"href":"https:\/\/noticiasveracruz.com\/index.php\/wp-json\/wp\/v2\/categories?post=50233"},{"taxonomy":"post_tag","embeddable":true,"href":"https:\/\/noticiasveracruz.com\/index.php\/wp-json\/wp\/v2\/tags?post=50233"}],"curies":[{"name":"wp","href":"https:\/\/api.w.org\/{rel}","templated":true}]}}