{"id":50230,"date":"2025-02-14T00:02:59","date_gmt":"2025-02-14T06:02:59","guid":{"rendered":"https:\/\/noticiasveracruz.com\/?p=50230"},"modified":"2025-02-13T21:45:39","modified_gmt":"2025-02-14T03:45:39","slug":"se-instalaran-casillas-en-4-mil-56-escuelas","status":"publish","type":"post","link":"https:\/\/noticiasveracruz.com\/index.php\/2025\/02\/14\/se-instalaran-casillas-en-4-mil-56-escuelas\/","title":{"rendered":"Se instalar\u00e1n casillas en 4 mil 56 escuelas"},"content":{"rendered":"<p>M\u00e1s de 4 mil centros escolares de los 212 municipios veracruzanos fungir\u00e1n como casillas en el proceso electoral para la renovaci\u00f3n de las alcald\u00edas, inform\u00f3 el titular de la Junta Local del Instituto Nacional Electoral (INE), Josu\u00e9 Cervantes Mart\u00ednez.<\/p>\n<p>Y es que, tras la firma del convenio entre la Secretar\u00eda de Educaci\u00f3n de Veracruz, el Organismo P\u00fablico Local Electoral (OPLE) y el Instituto Nacional Electoral (INE), para facilitar planteles, dijo que estos planteles deber\u00e1n contar con sus medidas de accesibilidad para personas con discapacidad y para la ciudadan\u00eda en general.<\/p>\n<p>\u201cSe contempla la instalaci\u00f3n de estas casillas seccionales en diversos centros educativos del Estado, lo que representa un paso significativo para facilitar la participaci\u00f3n electoral de toda la poblaci\u00f3n\u201d.<\/p>\n<p>Para la signa de este convenio estuvieron presentes el propio Josu\u00e9 Cervantes Mart\u00ednez, la titular de la Secretar\u00eda de Educaci\u00f3n, Claudia Tello Espinosa y la consejera presidenta del OPLE, Marisol Delgadillo Morales.<\/p>\n<p>El funcionario electoral record\u00f3 que en este proceso extraordinario donde la poblaci\u00f3n elegir\u00e1n diversos cargos municipales, pero tambi\u00e9n la primera elecci\u00f3n de personas jugadoras para el Poder Judicial Federal y el local.<\/p>\n<p>Finalmente, se contempla la instalaci\u00f3n de las casillas en cuatro mil 56 centros escolares, entre los que destacan 406 <span id=\"_GoBack\"><\/span>escuelas de nivel preescolar, tres mil 97 primarias, 381 secundarias, 133 preparatorias y 39 en otros planteles educativos.<\/p>\n","protected":false},"excerpt":{"rendered":"<p>M\u00e1s de 4 mil centros escolares de los 212 municipios veracruzanos fungir\u00e1n como casillas en el proceso electoral para la<\/p>\n","protected":false},"author":4,"featured_media":50231,"comment_status":"closed","ping_status":"closed","sticky":false,"template":"","format":"standard","meta":{"colormag_page_container_layout":"default_layout","colormag_page_sidebar_layout":"default_layout","_jetpack_memberships_contains_paid_content":false,"footnotes":"","jetpack_publicize_message":"","jetpack_publicize_feature_enabled":true,"jetpack_social_post_already_shared":true,"jetpack_social_options":{"image_generator_settings":{"template":"highway","default_image_id":0,"font":"","enabled":false},"version":2}},"categories":[356],"tags":[],"class_list":["post-50230","post","type-post","status-publish","format-standard","has-post-thumbnail","hentry","category-veracruz"],"jetpack_publicize_connections":[],"jetpack_featured_media_url":"https:\/\/noticiasveracruz.com\/wp-content\/uploads\/2025\/02\/8c-1.jpg","jetpack_sharing_enabled":true,"publishpress_future_action":{"enabled":false,"date":"2026-05-10 02:31:19","action":"change-status","newStatus":"draft","terms":[],"taxonomy":"category","extraData":[]},"publishpress_future_workflow_manual_trigger":{"enabledWorkflows":[]},"_links":{"self":[{"href":"https:\/\/noticiasveracruz.com\/index.php\/wp-json\/wp\/v2\/posts\/50230","targetHints":{"allow":["GET"]}}],"collection":[{"href":"https:\/\/noticiasveracruz.com\/index.php\/wp-json\/wp\/v2\/posts"}],"about":[{"href":"https:\/\/noticiasveracruz.com\/index.php\/wp-json\/wp\/v2\/types\/post"}],"author":[{"embeddable":true,"href":"https:\/\/noticiasveracruz.com\/index.php\/wp-json\/wp\/v2\/users\/4"}],"replies":[{"embeddable":true,"href":"https:\/\/noticiasveracruz.com\/index.php\/wp-json\/wp\/v2\/comments?post=50230"}],"version-history":[{"count":0,"href":"https:\/\/noticiasveracruz.com\/index.php\/wp-json\/wp\/v2\/posts\/50230\/revisions"}],"wp:featuredmedia":[{"embeddable":true,"href":"https:\/\/noticiasveracruz.com\/index.php\/wp-json\/wp\/v2\/media\/50231"}],"wp:attachment":[{"href":"https:\/\/noticiasveracruz.com\/index.php\/wp-json\/wp\/v2\/media?parent=50230"}],"wp:term":[{"taxonomy":"category","embeddable":true,"href":"https:\/\/noticiasveracruz.com\/index.php\/wp-json\/wp\/v2\/categories?post=50230"},{"taxonomy":"post_tag","embeddable":true,"href":"https:\/\/noticiasveracruz.com\/index.php\/wp-json\/wp\/v2\/tags?post=50230"}],"curies":[{"name":"wp","href":"https:\/\/api.w.org\/{rel}","templated":true}]}}