{"id":50227,"date":"2025-02-14T00:01:25","date_gmt":"2025-02-14T06:01:25","guid":{"rendered":"https:\/\/noticiasveracruz.com\/?p=50227"},"modified":"2025-02-13T21:44:44","modified_gmt":"2025-02-14T03:44:44","slug":"proponen-reclasificacion-de-tarifas-electricas","status":"publish","type":"post","link":"https:\/\/noticiasveracruz.com\/index.php\/2025\/02\/14\/proponen-reclasificacion-de-tarifas-electricas\/","title":{"rendered":"Proponen reclasificaci\u00f3n de tarifas el\u00e9ctricas"},"content":{"rendered":"<p>La propuesta de la reclasificaci\u00f3n de tarifas el\u00e9ctricas avanza de manera considerable en el estado de Veracruz.<\/p>\n<p>Esto beneficiar\u00e1 a un promedio de 70 por ciento de los municipios del territorio estatal.<\/p>\n<p>As\u00ed lo revel\u00f3 el secretario del Movimiento de Resistencia Civil \u201cLa Leyenda de Chucho el Roto\u201d, Jorge Morales Barradas, quien a\u00f1adi\u00f3 que esta medida beneficiar\u00e1 a los pobladores.<\/p>\n<p>Se trata de los resultados de las dos mesas de negociaciones que se han tenido con funcionarios del gobierno estatal, encabezados por Ricardo Ahued Bardahuil, secretario de Gobierno (Segob).<\/p>\n<p>Para la zona de Actopan, la tarifa deber\u00eda de ser 1D, una m\u00e1s econ\u00f3mica al tratarse de un lugar en donde las temperaturas superan los 28 grados cent\u00edgrados.<\/p>\n<p>La tarifa 1F es la que CFE debe de otorgar a las zonas con temperaturas de 33 grados cent\u00edgrados, una de las m\u00e1s baratas.<\/p>\n<p>Se trata de una exigencia que han mantenido las localidades veracruzanas desde hace varios a\u00f1os.<\/p>\n","protected":false},"excerpt":{"rendered":"<p>La propuesta de la reclasificaci\u00f3n de tarifas el\u00e9ctricas avanza de manera considerable en el estado de Veracruz. Esto beneficiar\u00e1 a<\/p>\n","protected":false},"author":4,"featured_media":50228,"comment_status":"closed","ping_status":"closed","sticky":false,"template":"","format":"standard","meta":{"colormag_page_container_layout":"default_layout","colormag_page_sidebar_layout":"default_layout","_jetpack_memberships_contains_paid_content":false,"footnotes":"","jetpack_publicize_message":"","jetpack_publicize_feature_enabled":true,"jetpack_social_post_already_shared":true,"jetpack_social_options":{"image_generator_settings":{"template":"highway","default_image_id":0,"font":"","enabled":false},"version":2}},"categories":[356],"tags":[],"class_list":["post-50227","post","type-post","status-publish","format-standard","has-post-thumbnail","hentry","category-veracruz"],"jetpack_publicize_connections":[],"jetpack_featured_media_url":"https:\/\/noticiasveracruz.com\/wp-content\/uploads\/2025\/02\/8b-scaled.jpg","jetpack_sharing_enabled":true,"publishpress_future_action":{"enabled":false,"date":"2026-05-08 05:46:08","action":"change-status","newStatus":"draft","terms":[],"taxonomy":"category","extraData":[]},"publishpress_future_workflow_manual_trigger":{"enabledWorkflows":[]},"_links":{"self":[{"href":"https:\/\/noticiasveracruz.com\/index.php\/wp-json\/wp\/v2\/posts\/50227","targetHints":{"allow":["GET"]}}],"collection":[{"href":"https:\/\/noticiasveracruz.com\/index.php\/wp-json\/wp\/v2\/posts"}],"about":[{"href":"https:\/\/noticiasveracruz.com\/index.php\/wp-json\/wp\/v2\/types\/post"}],"author":[{"embeddable":true,"href":"https:\/\/noticiasveracruz.com\/index.php\/wp-json\/wp\/v2\/users\/4"}],"replies":[{"embeddable":true,"href":"https:\/\/noticiasveracruz.com\/index.php\/wp-json\/wp\/v2\/comments?post=50227"}],"version-history":[{"count":0,"href":"https:\/\/noticiasveracruz.com\/index.php\/wp-json\/wp\/v2\/posts\/50227\/revisions"}],"wp:featuredmedia":[{"embeddable":true,"href":"https:\/\/noticiasveracruz.com\/index.php\/wp-json\/wp\/v2\/media\/50228"}],"wp:attachment":[{"href":"https:\/\/noticiasveracruz.com\/index.php\/wp-json\/wp\/v2\/media?parent=50227"}],"wp:term":[{"taxonomy":"category","embeddable":true,"href":"https:\/\/noticiasveracruz.com\/index.php\/wp-json\/wp\/v2\/categories?post=50227"},{"taxonomy":"post_tag","embeddable":true,"href":"https:\/\/noticiasveracruz.com\/index.php\/wp-json\/wp\/v2\/tags?post=50227"}],"curies":[{"name":"wp","href":"https:\/\/api.w.org\/{rel}","templated":true}]}}