{"id":50218,"date":"2025-02-13T21:07:58","date_gmt":"2025-02-14T03:07:58","guid":{"rendered":"https:\/\/noticiasveracruz.com\/?p=50218"},"modified":"2025-02-13T21:09:17","modified_gmt":"2025-02-14T03:09:17","slug":"el-lic-juan-manuel-gutierrez-leal-es-el-nuevo-director-general-de-transito-municipal-de-tuxpan","status":"publish","type":"post","link":"https:\/\/noticiasveracruz.com\/index.php\/2025\/02\/13\/el-lic-juan-manuel-gutierrez-leal-es-el-nuevo-director-general-de-transito-municipal-de-tuxpan\/","title":{"rendered":"El Lic. Juan Manuel Guti\u00e9rrez Leal es el nuevo director general de Tr\u00e1nsito Municipal de Tuxpan"},"content":{"rendered":"<p>Tuxpan, Ver., 13 de febrero de 2025.- Ante autoridades municipales, personal operativo y administrativo de la corporaci\u00f3n, fue presentado como nuevo director general de Tr\u00e1nsito y Vialidad el Lic. Juan Manuel Guti\u00e9rrez Leal.<\/p>\n<p><img loading=\"lazy\" decoding=\"async\" class=\"alignnone size-medium wp-image-50221\" src=\"http:\/\/noticiasveracruz.com\/wp-content\/uploads\/2025\/02\/WhatsApp-Image-2025-02-13-at-17.42.10-3-300x200.jpeg\" alt=\"\" width=\"300\" height=\"200\" srcset=\"https:\/\/noticiasveracruz.com\/wp-content\/uploads\/2025\/02\/WhatsApp-Image-2025-02-13-at-17.42.10-3-300x200.jpeg 300w, https:\/\/noticiasveracruz.com\/wp-content\/uploads\/2025\/02\/WhatsApp-Image-2025-02-13-at-17.42.10-3-1024x681.jpeg 1024w, https:\/\/noticiasveracruz.com\/wp-content\/uploads\/2025\/02\/WhatsApp-Image-2025-02-13-at-17.42.10-3-768x511.jpeg 768w, https:\/\/noticiasveracruz.com\/wp-content\/uploads\/2025\/02\/WhatsApp-Image-2025-02-13-at-17.42.10-3-1536x1021.jpeg 1536w, https:\/\/noticiasveracruz.com\/wp-content\/uploads\/2025\/02\/WhatsApp-Image-2025-02-13-at-17.42.10-3.jpeg 1600w\" sizes=\"auto, (max-width: 300px) 100vw, 300px\" \/><\/p>\n<p>Estuvieron presentes el alcalde Dr. Jes\u00fas Fomperoza Torres; la S\u00edndica \u00fanica Mtra. Beatriz Pi\u00f1a Vergara; las regidoras y los regidores Amado Guti\u00e9rrez Lima, comisionado en Tr\u00e1nsito y Vialidad; Mar\u00eda del Pilar Mart\u00ednez Matesanz, Maryanela Monroy Flores, Juan G\u00f3mez Garc\u00eda, Lucero Res\u00e9ndis Ambrocio y Luis Demetrio L\u00f3pez Mar\u00edn.<\/p>\n<p><img loading=\"lazy\" decoding=\"async\" class=\"alignnone size-medium wp-image-50220\" src=\"http:\/\/noticiasveracruz.com\/wp-content\/uploads\/2025\/02\/WhatsApp-Image-2025-02-13-at-17.42.10-2-300x200.jpeg\" alt=\"\" width=\"300\" height=\"200\" srcset=\"https:\/\/noticiasveracruz.com\/wp-content\/uploads\/2025\/02\/WhatsApp-Image-2025-02-13-at-17.42.10-2-300x200.jpeg 300w, https:\/\/noticiasveracruz.com\/wp-content\/uploads\/2025\/02\/WhatsApp-Image-2025-02-13-at-17.42.10-2-1024x681.jpeg 1024w, https:\/\/noticiasveracruz.com\/wp-content\/uploads\/2025\/02\/WhatsApp-Image-2025-02-13-at-17.42.10-2-768x511.jpeg 768w, https:\/\/noticiasveracruz.com\/wp-content\/uploads\/2025\/02\/WhatsApp-Image-2025-02-13-at-17.42.10-2-1536x1021.jpeg 1536w, https:\/\/noticiasveracruz.com\/wp-content\/uploads\/2025\/02\/WhatsApp-Image-2025-02-13-at-17.42.10-2.jpeg 1600w\" sizes=\"auto, (max-width: 300px) 100vw, 300px\" \/><\/p>\n<p>El alcalde reconoci\u00f3 el compromiso asumido por el nuevo titular de Tr\u00e1nsito, de quien destac\u00f3 ser una persona trabajadora, honesta y que sabe de leyes, con la que trabajar\u00e1 de la mano en beneficio de la ciudadan\u00eda.<\/p>\n<p><img loading=\"lazy\" decoding=\"async\" class=\"alignnone size-medium wp-image-50219\" src=\"http:\/\/noticiasveracruz.com\/wp-content\/uploads\/2025\/02\/WhatsApp-Image-2025-02-13-at-17.42.10-1-300x200.jpeg\" alt=\"\" width=\"300\" height=\"200\" srcset=\"https:\/\/noticiasveracruz.com\/wp-content\/uploads\/2025\/02\/WhatsApp-Image-2025-02-13-at-17.42.10-1-300x200.jpeg 300w, https:\/\/noticiasveracruz.com\/wp-content\/uploads\/2025\/02\/WhatsApp-Image-2025-02-13-at-17.42.10-1-1024x681.jpeg 1024w, https:\/\/noticiasveracruz.com\/wp-content\/uploads\/2025\/02\/WhatsApp-Image-2025-02-13-at-17.42.10-1-768x511.jpeg 768w, https:\/\/noticiasveracruz.com\/wp-content\/uploads\/2025\/02\/WhatsApp-Image-2025-02-13-at-17.42.10-1-1536x1021.jpeg 1536w, https:\/\/noticiasveracruz.com\/wp-content\/uploads\/2025\/02\/WhatsApp-Image-2025-02-13-at-17.42.10-1.jpeg 1600w\" sizes=\"auto, (max-width: 300px) 100vw, 300px\" \/><\/p>\n<p>\u201cEste cambio institucional representa un compromiso con la sociedad\u201d, destac\u00f3.<\/p>\n<p>En ese sentido, pidi\u00f3 a los elementos dar una buena imagen de la ciudad ahora que se acercan fechas importantes: \u201chagamos que hablen bien de Tuxpan, apoyemos a la ciudadan\u00eda y al turismo\u201d.<\/p>\n<p><img loading=\"lazy\" decoding=\"async\" class=\"alignnone size-medium wp-image-50224\" src=\"http:\/\/noticiasveracruz.com\/wp-content\/uploads\/2025\/02\/WhatsApp-Image-2025-02-13-at-17.42.11-300x200.jpeg\" alt=\"\" width=\"300\" height=\"200\" srcset=\"https:\/\/noticiasveracruz.com\/wp-content\/uploads\/2025\/02\/WhatsApp-Image-2025-02-13-at-17.42.11-300x200.jpeg 300w, https:\/\/noticiasveracruz.com\/wp-content\/uploads\/2025\/02\/WhatsApp-Image-2025-02-13-at-17.42.11-1024x681.jpeg 1024w, https:\/\/noticiasveracruz.com\/wp-content\/uploads\/2025\/02\/WhatsApp-Image-2025-02-13-at-17.42.11-768x511.jpeg 768w, https:\/\/noticiasveracruz.com\/wp-content\/uploads\/2025\/02\/WhatsApp-Image-2025-02-13-at-17.42.11-1536x1021.jpeg 1536w, https:\/\/noticiasveracruz.com\/wp-content\/uploads\/2025\/02\/WhatsApp-Image-2025-02-13-at-17.42.11.jpeg 1600w\" sizes=\"auto, (max-width: 300px) 100vw, 300px\" \/><\/p>\n<p>Fomperoza Torres se comprometi\u00f3 con el personal a brindar mejores condiciones de trabajo, instalaciones dignas y m\u00e1s capacitaciones. \u201cla finalidad es darles un trato digno, para que ustedes den ese mismo trato a la poblaci\u00f3n\u201d.<\/p>\n<p>Por su parte, el Lic. Juan Manuel Guti\u00e9rrez Leal agradeci\u00f3 la confianza del alcalde y del cabildo: \u201cel prop\u00f3sito es mejorar el servicio que presta esta corporaci\u00f3n, en la cual tendremos cero tolerancia ante cualquier acto de corrupci\u00f3n\u201d.<\/p>\n<p>El Cap. Fgta. Alan V\u00e1zquez Guti\u00e9rrez, secretario de Seguridad P\u00fablica Municipal pidi\u00f3 a los elementos dar muestra de su lealtad, colaboraci\u00f3n, compa\u00f1erismo y trabajo, y ajustarse a las leyes y reglamentos del municipio, por el bien de Tuxpan.<\/p>\n<p>Tambi\u00e9n estuvieron el secretario t\u00e9cnico del Ayuntamiento, Lic. Juan Pablo Alc\u00e1ntar Alvarado y el director de Asuntos Jur\u00eddicos, Lic. Eduardo Andrade Rocha.<\/p>\n","protected":false},"excerpt":{"rendered":"<p>Tuxpan, Ver., 13 de febrero de 2025.- Ante autoridades municipales, personal operativo y administrativo de la corporaci\u00f3n, fue presentado como<\/p>\n","protected":false},"author":4,"featured_media":50222,"comment_status":"closed","ping_status":"closed","sticky":false,"template":"","format":"standard","meta":{"colormag_page_container_layout":"default_layout","colormag_page_sidebar_layout":"default_layout","_jetpack_memberships_contains_paid_content":false,"footnotes":"","jetpack_publicize_message":"","jetpack_publicize_feature_enabled":true,"jetpack_social_post_already_shared":true,"jetpack_social_options":{"image_generator_settings":{"template":"highway","default_image_id":0,"font":"","enabled":false},"version":2}},"categories":[3372,356],"tags":[],"class_list":["post-50218","post","type-post","status-publish","format-standard","has-post-thumbnail","hentry","category-gobierno-tuxpan","category-veracruz"],"jetpack_publicize_connections":[],"jetpack_featured_media_url":"https:\/\/noticiasveracruz.com\/wp-content\/uploads\/2025\/02\/WhatsApp-Image-2025-02-13-at-17.42.10.jpeg","jetpack_sharing_enabled":true,"publishpress_future_action":{"enabled":false,"date":"2026-05-08 05:02:44","action":"change-status","newStatus":"draft","terms":[],"taxonomy":"category","extraData":[]},"publishpress_future_workflow_manual_trigger":{"enabledWorkflows":[]},"_links":{"self":[{"href":"https:\/\/noticiasveracruz.com\/index.php\/wp-json\/wp\/v2\/posts\/50218","targetHints":{"allow":["GET"]}}],"collection":[{"href":"https:\/\/noticiasveracruz.com\/index.php\/wp-json\/wp\/v2\/posts"}],"about":[{"href":"https:\/\/noticiasveracruz.com\/index.php\/wp-json\/wp\/v2\/types\/post"}],"author":[{"embeddable":true,"href":"https:\/\/noticiasveracruz.com\/index.php\/wp-json\/wp\/v2\/users\/4"}],"replies":[{"embeddable":true,"href":"https:\/\/noticiasveracruz.com\/index.php\/wp-json\/wp\/v2\/comments?post=50218"}],"version-history":[{"count":0,"href":"https:\/\/noticiasveracruz.com\/index.php\/wp-json\/wp\/v2\/posts\/50218\/revisions"}],"wp:featuredmedia":[{"embeddable":true,"href":"https:\/\/noticiasveracruz.com\/index.php\/wp-json\/wp\/v2\/media\/50222"}],"wp:attachment":[{"href":"https:\/\/noticiasveracruz.com\/index.php\/wp-json\/wp\/v2\/media?parent=50218"}],"wp:term":[{"taxonomy":"category","embeddable":true,"href":"https:\/\/noticiasveracruz.com\/index.php\/wp-json\/wp\/v2\/categories?post=50218"},{"taxonomy":"post_tag","embeddable":true,"href":"https:\/\/noticiasveracruz.com\/index.php\/wp-json\/wp\/v2\/tags?post=50218"}],"curies":[{"name":"wp","href":"https:\/\/api.w.org\/{rel}","templated":true}]}}