{"id":50195,"date":"2025-02-13T00:22:40","date_gmt":"2025-02-13T06:22:40","guid":{"rendered":"https:\/\/noticiasveracruz.com\/?p=50195"},"modified":"2025-02-12T22:41:46","modified_gmt":"2025-02-13T04:41:46","slug":"politica-internacional","status":"publish","type":"post","link":"https:\/\/noticiasveracruz.com\/index.php\/2025\/02\/13\/politica-internacional\/","title":{"rendered":"POL\u00cdTICA INTERNACIONAL"},"content":{"rendered":"<p>La Academia de Derecho Penal del Colegio Nacional de Abogados Foro de M\u00e9xico A. C., externa su elevada preocupaci\u00f3n por el hecho de que Donald Trump, pretenda imponer su voluntad, toda vez, que con ello ipso facto se provocar\u00eda un desencadenamiento en la aplicaci\u00f3n de estatutos internacionales que forman el conjunto de las leyes de paz.<\/p>\n<p>Bien lo expresaba uno de los m\u00e1s grandes precursores del Derecho universal, cuya influencia en la Academia Mexicana de Derecho Internacional ha sido formidable y todav\u00eda perdura en muchas togas.\u00a0\u00a0 Don Luis de Gonzaga y Sevilla, siempre fue m\u00e1s all\u00e1 de las concepciones filos\u00f3ficas jur\u00eddicas, cuando dijo en el ayer que: aunque todos los mexicanos deseamos la paz, esa paz solo es entendida cuando nuestra Naci\u00f3n responde a sus propios intereses de justicia, la paz solo debe responder en el orden jur\u00eddico, ese recordado mentor sostuvo: parium disparium rerum sua quique loca tribuens dispositio, d\u00e1ndole continuidad a a\u00f1ejos conocimientos.<\/p>\n<p>En el hoy y siguiendo las sapiencias de un moderno e ilustre catedr\u00e1tico universitario don Alfonso Mu\u00f1oz de Cote, sabemos que el ar\u00e1bigo 38 del Estatuto de la Corte Permanente de Justicia Internacional, el cual sustituyo anteriores estatutos refiere que: \u2018\u2019La Corte, cuya funci\u00f3n es decidir conforme al derecho internacional las controversias que le sean sometidas, deber\u00e1 aplicar:\u2019\u2019<\/p>\n<p>Seg\u00fan el parecer de tan egregio jurista mexicano, este precepto de modo claro afirma que la Corte debe aplicar el Derecho Internacional; y \u00e9ste deber\u00e1 de hacerse valer en aquellos casos concretos que lesionen los intereses jur\u00eddicos, pol\u00edticos o constitucionales de un Estado.<\/p>\n<p>En su parte conducente, el numeral transcrito en el inciso d) estipula: \u2018\u2019las decisiones judiciales y las doctrinas de los publicistas de mayor competencia de las distintas naciones, como medio auxiliar para la determinaci\u00f3n de las reglas de derecho, sin perjuicio en otras disposiciones\u2019\u2019.<\/p>\n<p>La gentileza de las ilustraciones del \u00a0afamado internacionalista Alfonso Mu\u00f1oz de Cote, hizo comprender a la abogac\u00eda independiente de la Republica que y conforme a la \u00f3ptica internacional,\u00a0\u00a0 los Estados Unidos Mexicanos son sujetos del Derecho Internacional, por ser un Estado Soberano y, en el \u00e1mbito del cual dicho letrado es el experto, el estudio de ese estado corresponde esencialmente al Derecho pol\u00edtico y constitucional. Con la salvedad, de ser M\u00e9xico el sujeto principal del derecho internacional a nuestra Naci\u00f3n le compete fijar su postura jur\u00eddica internacional.<\/p>\n<p>Con el objeto de evitar confrontas innecesarias con los Estados Unidos de Norteam\u00e9rica, el ateneo de estudios jur\u00eddicos penales del Colegio Nacional de Abogados Foro de M\u00e9xico desea fijar una postura jur\u00eddica, ya que el fentanilo y\/o los estupefacientes son el motivo real de esa actitud adoptada por Donald Trump, para con ello evitar cualquier pretendido desaf\u00edo.<\/p>\n<p>Con independencia de la posici\u00f3n pol\u00edtica nacionalista adoptada por la Primera Magistrada de la Naci\u00f3n y de los esfuerzos por combatir el tr\u00e1fico de fentanilo, lo ideal ser\u00eda desde un punto de vista jur\u00eddico el que se ordenara una investigaci\u00f3n de la causa de ello y que por fin en su mandato se supiera el \u00bfpor qu\u00e9?, se tilda de narco-estado a nuestro M\u00e9xico.<\/p>\n<p>La respuesta vendr\u00eda ipso facto: debido a aquella insalubre alianza realizada por un servidor p\u00fablico que se encuentra bien identificado en aquellas actas de las cuales conoci\u00f3 en su momento la Procuradur\u00eda General de la Republica, que le concedieron hasta la fecha impunidad y que ahora han puesto en mal el nombre de nuestra Patria.<\/p>\n<p>Es cu\u00e1nto.<\/p>\n<p><img loading=\"lazy\" decoding=\"async\" class=\"alignnone wp-image-50119 size-full\" src=\"http:\/\/noticiasveracruz.com\/wp-content\/uploads\/2025\/02\/FIRMA-EDITORIAL-PD-3.jpg\" alt=\"\" width=\"1024\" height=\"125\" srcset=\"https:\/\/noticiasveracruz.com\/wp-content\/uploads\/2025\/02\/FIRMA-EDITORIAL-PD-3.jpg 1024w, https:\/\/noticiasveracruz.com\/wp-content\/uploads\/2025\/02\/FIRMA-EDITORIAL-PD-3-300x37.jpg 300w, https:\/\/noticiasveracruz.com\/wp-content\/uploads\/2025\/02\/FIRMA-EDITORIAL-PD-3-768x94.jpg 768w\" sizes=\"auto, (max-width: 1024px) 100vw, 1024px\" \/><\/p>\n","protected":false},"excerpt":{"rendered":"<p>La Academia de Derecho Penal del Colegio Nacional de Abogados Foro de M\u00e9xico A. C., externa su elevada preocupaci\u00f3n por<\/p>\n","protected":false},"author":4,"featured_media":39651,"comment_status":"closed","ping_status":"closed","sticky":false,"template":"","format":"standard","meta":{"colormag_page_container_layout":"default_layout","colormag_page_sidebar_layout":"default_layout","_jetpack_memberships_contains_paid_content":false,"footnotes":"","jetpack_publicize_message":"","jetpack_publicize_feature_enabled":true,"jetpack_social_post_already_shared":true,"jetpack_social_options":{"image_generator_settings":{"template":"highway","default_image_id":0,"font":"","enabled":false},"version":2}},"categories":[6],"tags":[],"class_list":["post-50195","post","type-post","status-publish","format-standard","has-post-thumbnail","hentry","category-columnistas"],"jetpack_publicize_connections":[],"jetpack_featured_media_url":"https:\/\/noticiasveracruz.com\/wp-content\/uploads\/2024\/09\/NV-ALBERTO-WOOLRICH-2.jpg","jetpack_sharing_enabled":true,"publishpress_future_action":{"enabled":false,"date":"2026-05-08 07:05:27","action":"change-status","newStatus":"draft","terms":[],"taxonomy":"category","extraData":[]},"publishpress_future_workflow_manual_trigger":{"enabledWorkflows":[]},"_links":{"self":[{"href":"https:\/\/noticiasveracruz.com\/index.php\/wp-json\/wp\/v2\/posts\/50195","targetHints":{"allow":["GET"]}}],"collection":[{"href":"https:\/\/noticiasveracruz.com\/index.php\/wp-json\/wp\/v2\/posts"}],"about":[{"href":"https:\/\/noticiasveracruz.com\/index.php\/wp-json\/wp\/v2\/types\/post"}],"author":[{"embeddable":true,"href":"https:\/\/noticiasveracruz.com\/index.php\/wp-json\/wp\/v2\/users\/4"}],"replies":[{"embeddable":true,"href":"https:\/\/noticiasveracruz.com\/index.php\/wp-json\/wp\/v2\/comments?post=50195"}],"version-history":[{"count":0,"href":"https:\/\/noticiasveracruz.com\/index.php\/wp-json\/wp\/v2\/posts\/50195\/revisions"}],"wp:featuredmedia":[{"embeddable":true,"href":"https:\/\/noticiasveracruz.com\/index.php\/wp-json\/wp\/v2\/media\/39651"}],"wp:attachment":[{"href":"https:\/\/noticiasveracruz.com\/index.php\/wp-json\/wp\/v2\/media?parent=50195"}],"wp:term":[{"taxonomy":"category","embeddable":true,"href":"https:\/\/noticiasveracruz.com\/index.php\/wp-json\/wp\/v2\/categories?post=50195"},{"taxonomy":"post_tag","embeddable":true,"href":"https:\/\/noticiasveracruz.com\/index.php\/wp-json\/wp\/v2\/tags?post=50195"}],"curies":[{"name":"wp","href":"https:\/\/api.w.org\/{rel}","templated":true}]}}