{"id":50187,"date":"2025-02-13T00:19:29","date_gmt":"2025-02-13T06:19:29","guid":{"rendered":"https:\/\/noticiasveracruz.com\/?p=50187"},"modified":"2025-02-12T22:34:20","modified_gmt":"2025-02-13T04:34:20","slug":"corte-niega-a-assange-pedido-para-recuperar-ciudadania-ecuatoriana","status":"publish","type":"post","link":"https:\/\/noticiasveracruz.com\/index.php\/2025\/02\/13\/corte-niega-a-assange-pedido-para-recuperar-ciudadania-ecuatoriana\/","title":{"rendered":"Corte niega a Assange pedido para recuperar ciudadan\u00eda ecuatoriana"},"content":{"rendered":"<p>La Corte Constitucional de Ecuador neg\u00f3 una acci\u00f3n de protecci\u00f3n con la cual la defensa del fundador de\u00a0<em>WikiLeaks<\/em>, Julian Assange, buscaba recuperar su ciudadan\u00eda ecuatoriana por naturalizaci\u00f3n, seg\u00fan trascendi\u00f3 este mi\u00e9rcoles en medios locales.<\/p>\n<p>En el fallo, emitido en noviembre pasado y divulgado este mi\u00e9rcoles, la Corte desestim\u00f3 el recurso por considerar que los argumentos se centraban en fallos procesales \u201cque no pueden ser impugnados mediante este tipo de acci\u00f3n\u201d.<\/p>\n<p>Con esa sentencia, la nacionalidad ecuatoriana de Assange sigue revocada, sin m\u00e1s recursos legales disponibles en la naci\u00f3n sudamericana.<\/p>\n<p>Ecuador concedi\u00f3 el asilo al l\u00edder de\u00a0<em>Wikileaks<\/em>\u00a0en 2012 durante el gobierno de Rafael Correa, que consideraba en peligro la vida del periodista si era deportado a territorio estadounidense.<\/p>\n<p>En 2017, mientras estaba en la embajada de Ecuador en el Reino Unido, se le otorg\u00f3 la ciudadan\u00eda del pa\u00eds andino.<\/p>\n<p>Posteriormente, en 2019, el gobierno de Len\u00edn Moreno le quit\u00f3 el asilo y fue entregado a las autoridades brit\u00e1nicas.<\/p>\n<p>Una resoluci\u00f3n de la Corte Constitucional de Ecuador, del 29 de noviembre de 2024, determin\u00f3 que el otorgamiento de la nacionalidad al australiano fue defectuoso y lesivo al orden legal.<\/p>\n","protected":false},"excerpt":{"rendered":"<p>La Corte Constitucional de Ecuador neg\u00f3 una acci\u00f3n de protecci\u00f3n con la cual la defensa del fundador de\u00a0WikiLeaks, Julian Assange, buscaba recuperar su ciudadan\u00eda ecuatoriana por naturalizaci\u00f3n, seg\u00fan trascendi\u00f3 este mi\u00e9rcoles en medios locales. En el fallo, emitido en noviembre pasado y divulgado este mi\u00e9rcoles, la Corte desestim\u00f3 el recurso por considerar que los argumentos [&hellip;]<\/p>\n","protected":false},"author":4,"featured_media":50188,"comment_status":"closed","ping_status":"closed","sticky":false,"template":"","format":"standard","meta":{"_jetpack_newsletter_access":"","_jetpack_dont_email_post_to_subs":false,"_jetpack_newsletter_tier_id":0,"_jetpack_memberships_contains_paywalled_content":false,"_jetpack_feature_clip_id":0,"_jetpack_memberships_contains_paid_content":false,"footnotes":"","jetpack_publicize_message":"","jetpack_publicize_feature_enabled":true,"jetpack_social_post_already_shared":true,"jetpack_social_options":{"image_generator_settings":{"template":"highway","default_image_id":0,"font":"","enabled":false},"version":2},"jetpack_post_was_ever_published":false},"categories":[355],"tags":[],"class_list":["post-50187","post","type-post","status-publish","format-standard","has-post-thumbnail","hentry","category-internacional"],"jetpack_publicize_connections":[],"jetpack_sharing_enabled":true,"publishpress_future_action":{"enabled":false,"date":"2026-09-08 07:30:11","action":"change-status","newStatus":"draft","terms":[],"taxonomy":"category","extraData":[]},"publishpress_future_workflow_manual_trigger":{"enabledWorkflows":[]},"jetpack_featured_media_url":"https:\/\/noticiasveracruz.com\/wp-content\/uploads\/2025\/02\/asa.jpg","_links":{"self":[{"href":"https:\/\/noticiasveracruz.com\/index.php\/wp-json\/wp\/v2\/posts\/50187","targetHints":{"allow":["GET"]}}],"collection":[{"href":"https:\/\/noticiasveracruz.com\/index.php\/wp-json\/wp\/v2\/posts"}],"about":[{"href":"https:\/\/noticiasveracruz.com\/index.php\/wp-json\/wp\/v2\/types\/post"}],"author":[{"embeddable":true,"href":"https:\/\/noticiasveracruz.com\/index.php\/wp-json\/wp\/v2\/users\/4"}],"replies":[{"embeddable":true,"href":"https:\/\/noticiasveracruz.com\/index.php\/wp-json\/wp\/v2\/comments?post=50187"}],"version-history":[{"count":0,"href":"https:\/\/noticiasveracruz.com\/index.php\/wp-json\/wp\/v2\/posts\/50187\/revisions"}],"wp:featuredmedia":[{"embeddable":true,"href":"https:\/\/noticiasveracruz.com\/index.php\/wp-json\/wp\/v2\/media\/50188"}],"wp:attachment":[{"href":"https:\/\/noticiasveracruz.com\/index.php\/wp-json\/wp\/v2\/media?parent=50187"}],"wp:term":[{"taxonomy":"category","embeddable":true,"href":"https:\/\/noticiasveracruz.com\/index.php\/wp-json\/wp\/v2\/categories?post=50187"},{"taxonomy":"post_tag","embeddable":true,"href":"https:\/\/noticiasveracruz.com\/index.php\/wp-json\/wp\/v2\/tags?post=50187"}],"curies":[{"name":"wp","href":"https:\/\/api.w.org\/{rel}","templated":true}]}}