{"id":50166,"date":"2025-02-13T00:12:19","date_gmt":"2025-02-13T06:12:19","guid":{"rendered":"https:\/\/noticiasveracruz.com\/?p=50166"},"modified":"2025-02-12T22:01:07","modified_gmt":"2025-02-13T04:01:07","slug":"podrian-alcanzar-el-50-los-aranceles-a-mexico-y-canada-casa-blanca","status":"publish","type":"post","link":"https:\/\/noticiasveracruz.com\/index.php\/2025\/02\/13\/podrian-alcanzar-el-50-los-aranceles-a-mexico-y-canada-casa-blanca\/","title":{"rendered":"Podr\u00edan alcanzar el 50% los aranceles a M\u00e9xico y Canad\u00e1: Casa Blanca"},"content":{"rendered":"<p class=\"western\">Los aranceles sobre el aluminio y el acero de M\u00e9xico y Canad\u00e1 podr\u00edan alcanzar el 50 por ciento, anunci\u00f3 este mi\u00e9rcoles la Casa Blanca, en plena guerra comercial con varios pa\u00edses.<\/p>\n<p class=\"western\">El lunes el presidente Donald Trump anunci\u00f3 aranceles de 25 por ciento sobre los dos metales para todos los pa\u00edses, sin excepciones ni exenciones.<\/p>\n<p class=\"western\">Pero sobre M\u00e9xico y Canad\u00e1 ya pesaba 25 por ciento de tarifas impuestas hace unos d\u00edas sobre todos sus bienes para incitarlos a controlar la inmigraci\u00f3n ilegal y el tr\u00e1fico de fentanilo. Al final este 25 por ciento ha quedado suspendido durante un mes para negociar.<\/p>\n<p class=\"western\">Si los tres pa\u00edses, unidos por el acuerdo comercial de Am\u00e9rica del Norte (T-MEC), no llegan a un entendimiento se sumar\u00e1n los dos 25 por ciento, y el acero y el aluminio producidos por M\u00e9xico y Canad\u00e1 ser\u00e1n gravados en total con 50 por ciento a partir del 12 de marzo, precis\u00f3 la Casa Blanca.<\/p>\n<p class=\"western\"><strong>Seguridad nacional<\/strong><\/p>\n<p class=\"western\">El magnate republicano aleg\u00f3 riesgos para la \u201cseguridad nacional\u201d para gravar los dos metales de forma generalizada. Pa\u00edses como Argentina, M\u00e9xico o Brasil, entre otros, que se benefician de exenciones pierden sus privilegios.<\/p>\n<p class=\"western\">Seg\u00fan la Administraci\u00f3n de Comercio Internacional de Estados Unidos, desde marzo de 2024 hasta febrero de 2025, Brasil fue el segundo mayor exportador de acero a Estados Unidos con 3.7 millones de toneladas m\u00e9tricas, seguido de M\u00e9xico con 2.9 millones.<\/p>\n<p class=\"western\">Seg\u00fan la misma fuente, Argentina, cuyo presidente ultraliberal Javier Milei mantiene una relaci\u00f3n cercana con Trump, fue el sexto exportador de aluminio en 2024 a Estados Unidos, con m\u00e1s de 176 mil toneladas.<\/p>\n<p class=\"western\">El gobierno argentino, en declaraciones al diario Clar\u00edn, que cita una fuente cercana a Milei, estima que los aranceles no cambian \u201cen lo m\u00e1s m\u00ednimo\u201d sus objetivos puesto que seguir\u00e1 \u201ctrabajando en un tratado de libre comercio\u201d.<\/p>\n<p class=\"western\">M\u00e9xico pidi\u00f3 a Trump \u201csentido com\u00fan\u201d, uno de los conceptos m\u00e1s manidos del republicano. \u201cDice a veces el presidente Trump, &#8216;sentido com\u00fan&#8217;. Bueno, pues le tomamos la palabra: sentido com\u00fan, no balazo en el pie, no destruir lo que hemos construido los \u00faltimos cuarenta a\u00f1os\u201d, declar\u00f3 el martes el ministro de Econom\u00eda de M\u00e9xico, Marcelo.<\/p>\n<p class=\"western\">\u201cEstados Unidos nos vende m\u00e1s, entonces no se justifica esa tarifa\u201d, subray\u00f3 el ministro, quien detall\u00f3 que el pa\u00eds vecino provee \u201ccasi 6 mil 897 millones de d\u00f3lares m\u00e1s\u201d de lo que exporta M\u00e9xico, seg\u00fan cifras oficiales estadounidenses de 2024.<\/p>\n<p class=\"western\">Brasil, pa\u00eds que presume de una diplomacia pragm\u00e1tica, tambi\u00e9n opt\u00f3 por la mesura.<\/p>\n<p class=\"western\">Su ministro de Relaciones Institucionales, Alexandre Padilha, afirm\u00f3 que su pa\u00eds \u201cno estimula ni entrar\u00e1 en ninguna guerra comercial\u201d, pero calific\u00f3 de \u201ccontraproducentes\u201d las \u201cmedidas unilaterales\u201d.<\/p>\n","protected":false},"excerpt":{"rendered":"<p>Los aranceles sobre el aluminio y el acero de M\u00e9xico y Canad\u00e1 podr\u00edan alcanzar el 50 por ciento, anunci\u00f3 este mi\u00e9rcoles la Casa Blanca, en plena guerra comercial con varios pa\u00edses. El lunes el presidente Donald Trump anunci\u00f3 aranceles de 25 por ciento sobre los dos metales para todos los pa\u00edses, sin excepciones ni exenciones. [&hellip;]<\/p>\n","protected":false},"author":4,"featured_media":50167,"comment_status":"closed","ping_status":"closed","sticky":false,"template":"","format":"standard","meta":{"_jetpack_newsletter_access":"","_jetpack_dont_email_post_to_subs":false,"_jetpack_newsletter_tier_id":0,"_jetpack_memberships_contains_paywalled_content":false,"_jetpack_feature_clip_id":0,"_jetpack_memberships_contains_paid_content":false,"footnotes":"","jetpack_publicize_message":"","jetpack_publicize_feature_enabled":true,"jetpack_social_post_already_shared":true,"jetpack_social_options":{"image_generator_settings":{"template":"highway","default_image_id":0,"font":"","enabled":false},"version":2},"jetpack_post_was_ever_published":false},"categories":[1947],"tags":[],"class_list":["post-50166","post","type-post","status-publish","format-standard","has-post-thumbnail","hentry","category-economia"],"jetpack_publicize_connections":[],"jetpack_sharing_enabled":true,"publishpress_future_action":{"enabled":false,"date":"2026-09-11 05:47:21","action":"change-status","newStatus":"draft","terms":[],"taxonomy":"category","extraData":[]},"publishpress_future_workflow_manual_trigger":{"enabledWorkflows":[]},"jetpack_featured_media_url":"https:\/\/noticiasveracruz.com\/wp-content\/uploads\/2025\/02\/trump-reitera-amenaza-de-imponer-aranceles-a-mexico-y-canada-a-partir-del-1-de-febrero.png","_links":{"self":[{"href":"https:\/\/noticiasveracruz.com\/index.php\/wp-json\/wp\/v2\/posts\/50166","targetHints":{"allow":["GET"]}}],"collection":[{"href":"https:\/\/noticiasveracruz.com\/index.php\/wp-json\/wp\/v2\/posts"}],"about":[{"href":"https:\/\/noticiasveracruz.com\/index.php\/wp-json\/wp\/v2\/types\/post"}],"author":[{"embeddable":true,"href":"https:\/\/noticiasveracruz.com\/index.php\/wp-json\/wp\/v2\/users\/4"}],"replies":[{"embeddable":true,"href":"https:\/\/noticiasveracruz.com\/index.php\/wp-json\/wp\/v2\/comments?post=50166"}],"version-history":[{"count":0,"href":"https:\/\/noticiasveracruz.com\/index.php\/wp-json\/wp\/v2\/posts\/50166\/revisions"}],"wp:featuredmedia":[{"embeddable":true,"href":"https:\/\/noticiasveracruz.com\/index.php\/wp-json\/wp\/v2\/media\/50167"}],"wp:attachment":[{"href":"https:\/\/noticiasveracruz.com\/index.php\/wp-json\/wp\/v2\/media?parent=50166"}],"wp:term":[{"taxonomy":"category","embeddable":true,"href":"https:\/\/noticiasveracruz.com\/index.php\/wp-json\/wp\/v2\/categories?post=50166"},{"taxonomy":"post_tag","embeddable":true,"href":"https:\/\/noticiasveracruz.com\/index.php\/wp-json\/wp\/v2\/tags?post=50166"}],"curies":[{"name":"wp","href":"https:\/\/api.w.org\/{rel}","templated":true}]}}