{"id":50157,"date":"2025-02-13T00:09:25","date_gmt":"2025-02-13T06:09:25","guid":{"rendered":"https:\/\/noticiasveracruz.com\/?p=50157"},"modified":"2025-02-12T21:53:21","modified_gmt":"2025-02-13T03:53:21","slug":"gm-se-alista-para-mitigar-costos-de-aranceles-automotrices","status":"publish","type":"post","link":"https:\/\/noticiasveracruz.com\/index.php\/2025\/02\/13\/gm-se-alista-para-mitigar-costos-de-aranceles-automotrices\/","title":{"rendered":"GM se alista para mitigar costos de aranceles automotrices"},"content":{"rendered":"<p class=\"western\">El fabricante estadunidense General Motors (GM) espera mitigar hasta 50 por ciento de los aranceles que el presidente Donald Trump amenaza con imponer a las importaciones de Canad\u00e1 y M\u00e9xico.<\/p>\n<p class=\"western\">La marca con sede en Detroit tiene planes de contingencia listos para el caso de que se impongan aranceles a las piezas de autom\u00f3viles y veh\u00edculos que ingresan a Estados Unidos desde los dos pa\u00edses vecinos.<\/p>\n<p class=\"western\">\u201cEso incluye evitar potencialmente impactos a corto plazo de entre 30 y 50 por ciento de los costos adicionales\u201d, se\u00f1al\u00f3 la directora ejecutiva de GM, Mary Barra.<\/p>\n<p class=\"western\">Por su parte, el director financiero de GM, Paul Jacobson, indic\u00f3 que \u201csi se prolongaran los aranceles, la compa\u00f1\u00eda podr\u00eda tomar medidas adicionales, como trasladar la producci\u00f3n de piezas o veh\u00edculos\u201d, recogi\u00f3 CNBC.<\/p>\n<p class=\"western\">Los comentarios de General Motors se unen a los de su rival Ford Motor Company, cuyo presidente ejecutivo, Jim Farley, se refiri\u00f3 a la medida de elevar 25 por ciento los aranceles en Canad\u00e1 y M\u00e9xico como \u201cdevastadora\u201d y \u201cca\u00f3tica\u201d para el mercado de la industria automovil\u00edstica.<\/p>\n<p class=\"western\">Tanto GM como Ford contribuyeron, seg\u00fan CNBC, con un mill\u00f3n de d\u00f3lares cada una, junto con veh\u00edculos, a la investidura de Trump.<\/p>\n<p class=\"western\">Los ejecutivos de ambas empresas tambi\u00e9n han confirmado que han hablado con Trump sobre la industria automotriz.<\/p>\n","protected":false},"excerpt":{"rendered":"<p>El fabricante estadunidense General Motors (GM) espera mitigar hasta 50 por ciento de los aranceles que el presidente Donald Trump<\/p>\n","protected":false},"author":4,"featured_media":50158,"comment_status":"closed","ping_status":"closed","sticky":false,"template":"","format":"standard","meta":{"colormag_page_container_layout":"default_layout","colormag_page_sidebar_layout":"default_layout","_jetpack_memberships_contains_paid_content":false,"footnotes":"","jetpack_publicize_message":"","jetpack_publicize_feature_enabled":true,"jetpack_social_post_already_shared":true,"jetpack_social_options":{"image_generator_settings":{"template":"highway","default_image_id":0,"font":"","enabled":false},"version":2}},"categories":[1947],"tags":[],"class_list":["post-50157","post","type-post","status-publish","format-standard","has-post-thumbnail","hentry","category-economia"],"jetpack_publicize_connections":[],"jetpack_featured_media_url":"https:\/\/noticiasveracruz.com\/wp-content\/uploads\/2025\/02\/R56PQNG5MBGUVFYV7J5YG3IWQY.jpg","jetpack_sharing_enabled":true,"publishpress_future_action":{"enabled":false,"date":"2026-05-10 03:43:42","action":"change-status","newStatus":"draft","terms":[],"taxonomy":"category","extraData":[]},"publishpress_future_workflow_manual_trigger":{"enabledWorkflows":[]},"_links":{"self":[{"href":"https:\/\/noticiasveracruz.com\/index.php\/wp-json\/wp\/v2\/posts\/50157","targetHints":{"allow":["GET"]}}],"collection":[{"href":"https:\/\/noticiasveracruz.com\/index.php\/wp-json\/wp\/v2\/posts"}],"about":[{"href":"https:\/\/noticiasveracruz.com\/index.php\/wp-json\/wp\/v2\/types\/post"}],"author":[{"embeddable":true,"href":"https:\/\/noticiasveracruz.com\/index.php\/wp-json\/wp\/v2\/users\/4"}],"replies":[{"embeddable":true,"href":"https:\/\/noticiasveracruz.com\/index.php\/wp-json\/wp\/v2\/comments?post=50157"}],"version-history":[{"count":0,"href":"https:\/\/noticiasveracruz.com\/index.php\/wp-json\/wp\/v2\/posts\/50157\/revisions"}],"wp:featuredmedia":[{"embeddable":true,"href":"https:\/\/noticiasveracruz.com\/index.php\/wp-json\/wp\/v2\/media\/50158"}],"wp:attachment":[{"href":"https:\/\/noticiasveracruz.com\/index.php\/wp-json\/wp\/v2\/media?parent=50157"}],"wp:term":[{"taxonomy":"category","embeddable":true,"href":"https:\/\/noticiasveracruz.com\/index.php\/wp-json\/wp\/v2\/categories?post=50157"},{"taxonomy":"post_tag","embeddable":true,"href":"https:\/\/noticiasveracruz.com\/index.php\/wp-json\/wp\/v2\/tags?post=50157"}],"curies":[{"name":"wp","href":"https:\/\/api.w.org\/{rel}","templated":true}]}}