{"id":50133,"date":"2025-02-13T00:01:46","date_gmt":"2025-02-13T06:01:46","guid":{"rendered":"https:\/\/noticiasveracruz.com\/?p=50133"},"modified":"2025-02-12T21:19:25","modified_gmt":"2025-02-13T03:19:25","slug":"avanzan-convenios-de-seguridad-nahle","status":"publish","type":"post","link":"https:\/\/noticiasveracruz.com\/index.php\/2025\/02\/13\/avanzan-convenios-de-seguridad-nahle\/","title":{"rendered":"Avanzan convenios de seguridad: Nahle"},"content":{"rendered":"<p>La gobernadora de Veracruz, Roc\u00edo Nahle Garc\u00eda, dio a conocer importantes avances en los convenios de seguridad que est\u00e1 impulsando con los estados de Puebla, Oaxaca y Tlaxcala, con el objetivo de reforzar la vigilancia y el bienestar de las y los veracruzanos en las zonas lim\u00edtrofes.<\/p>\n<p>La mandataria explic\u00f3 que el secretario de Gobierno, Ricardo Ahued Bardahuil, ha logrado avances significativos en la negociaci\u00f3n con Oaxaca, donde el convenio ya est\u00e1 listo.<\/p>\n<p>Adem\u00e1s, indic\u00f3 que se encuentra a la espera de los comentarios finales de Puebla, y precis\u00f3: \u201choy me inform\u00f3 que, posiblemente, esta misma semana quedar\u00e1 listo el acuerdo para su firma\u201d.<\/p>\n<p>En otro frente, Nahle Garc\u00eda destac\u00f3 la propuesta de incluir a Tlaxcala, en particular en la zona cercana a Huejutla de Reyes, y subray\u00f3 que ha mantenido un di\u00e1logo constante con su hom\u00f3loga, Lorena Cu\u00e9llar Cisneros, quien ha mostrado total disposici\u00f3n para unirse a esta iniciativa.<\/p>\n<p>La colaboraci\u00f3n entre estas entidades permitir\u00e1 mejorar las estrategias de prevenci\u00f3n del delito y optimizar la respuesta ante emergencias en las zonas fronterizas, contribuyendo de forma integral a la seguridad de la regi\u00f3n.<\/p>\n","protected":false},"excerpt":{"rendered":"<p>La gobernadora de Veracruz, Roc\u00edo Nahle Garc\u00eda, dio a conocer importantes avances en los convenios de seguridad que est\u00e1 impulsando<\/p>\n","protected":false},"author":4,"featured_media":50134,"comment_status":"closed","ping_status":"closed","sticky":false,"template":"","format":"standard","meta":{"colormag_page_container_layout":"default_layout","colormag_page_sidebar_layout":"default_layout","_jetpack_memberships_contains_paid_content":false,"footnotes":"","jetpack_publicize_message":"","jetpack_publicize_feature_enabled":true,"jetpack_social_post_already_shared":true,"jetpack_social_options":{"image_generator_settings":{"template":"highway","default_image_id":0,"font":"","enabled":false},"version":2}},"categories":[356],"tags":[],"class_list":["post-50133","post","type-post","status-publish","format-standard","has-post-thumbnail","hentry","category-veracruz"],"jetpack_publicize_connections":[],"jetpack_featured_media_url":"https:\/\/noticiasveracruz.com\/wp-content\/uploads\/2025\/02\/9a-8.jpg","jetpack_sharing_enabled":true,"publishpress_future_action":{"enabled":false,"date":"2026-05-10 03:44:00","action":"change-status","newStatus":"draft","terms":[],"taxonomy":"category","extraData":[]},"publishpress_future_workflow_manual_trigger":{"enabledWorkflows":[]},"_links":{"self":[{"href":"https:\/\/noticiasveracruz.com\/index.php\/wp-json\/wp\/v2\/posts\/50133","targetHints":{"allow":["GET"]}}],"collection":[{"href":"https:\/\/noticiasveracruz.com\/index.php\/wp-json\/wp\/v2\/posts"}],"about":[{"href":"https:\/\/noticiasveracruz.com\/index.php\/wp-json\/wp\/v2\/types\/post"}],"author":[{"embeddable":true,"href":"https:\/\/noticiasveracruz.com\/index.php\/wp-json\/wp\/v2\/users\/4"}],"replies":[{"embeddable":true,"href":"https:\/\/noticiasveracruz.com\/index.php\/wp-json\/wp\/v2\/comments?post=50133"}],"version-history":[{"count":0,"href":"https:\/\/noticiasveracruz.com\/index.php\/wp-json\/wp\/v2\/posts\/50133\/revisions"}],"wp:featuredmedia":[{"embeddable":true,"href":"https:\/\/noticiasveracruz.com\/index.php\/wp-json\/wp\/v2\/media\/50134"}],"wp:attachment":[{"href":"https:\/\/noticiasveracruz.com\/index.php\/wp-json\/wp\/v2\/media?parent=50133"}],"wp:term":[{"taxonomy":"category","embeddable":true,"href":"https:\/\/noticiasveracruz.com\/index.php\/wp-json\/wp\/v2\/categories?post=50133"},{"taxonomy":"post_tag","embeddable":true,"href":"https:\/\/noticiasveracruz.com\/index.php\/wp-json\/wp\/v2\/tags?post=50133"}],"curies":[{"name":"wp","href":"https:\/\/api.w.org\/{rel}","templated":true}]}}