{"id":50115,"date":"2025-02-12T00:20:41","date_gmt":"2025-02-12T06:20:41","guid":{"rendered":"https:\/\/noticiasveracruz.com\/?p=50115"},"modified":"2025-02-11T23:18:29","modified_gmt":"2025-02-12T05:18:29","slug":"amplia-cidh-medidas-cautelares-del-ex-vicepresidente-jorge-glas","status":"publish","type":"post","link":"https:\/\/noticiasveracruz.com\/index.php\/2025\/02\/12\/amplia-cidh-medidas-cautelares-del-ex-vicepresidente-jorge-glas\/","title":{"rendered":"Ampl\u00eda CIDH medidas cautelares del ex vicepresidente Jorge Glas"},"content":{"rendered":"<p>La Comisi\u00f3n Interamericana de Derechos Humanos alert\u00f3 este martes sobre la grave situaci\u00f3n del ex vicepresidente ecuatoriano Jorge Glas, recluido en una c\u00e1rcel de Guayaquil con dos condenas por corrupci\u00f3n y cuya captura en sede diplom\u00e1tica el a\u00f1o pasado provoc\u00f3 la ruptura de relaciones entre Ecuador y M\u00e9xico.<\/p>\n<p>En un comunicado, la CIDH advirti\u00f3 que la salud mental de Glas \u201catraviesa por un estado de especial gravedad, pese a las atenciones m\u00e9dicas brindadas por el Estado en el 2024\u201d y que la violencia al interior de la c\u00e1rcel en la que cumple sentencia \u201cimpactar\u00edan en el deterioro de su salud mental e integridad f\u00edsica\u201d.<\/p>\n<p>Ante los m\u00faltiples factores de riesgo advertidos, ese organismo decidi\u00f3 \u201campliar la medida cautelar a efecto de que se tome en cuenta el derecho a la salud del se\u00f1or Glas\u201d, adem\u00e1s de pedir que se ampl\u00eden las evaluaciones m\u00e9dicas hospitalarias y los tratamientos m\u00e9dicos adecuados.<\/p>\n<p>Glas, vicepresidente de Ecuador entre 2013 y 2018 durante los gobiernos de Rafael Correa y Len\u00edn Moreno, cumple dos sentencias por corrupci\u00f3n en una c\u00e1rcel de m\u00e1xima seguridad, La Roca, de la ciudad de Guayaquil. Adem\u00e1s enfrenta otro proceso penal acusado de malversaci\u00f3n de fondos p\u00fablicos destinados a la reconstrucci\u00f3n de dos provincias afectadas por un terremoto en 2016.<\/p>\n<p>Una delegaci\u00f3n de la Comisi\u00f3n Interamericana de Derechos Humanos visit\u00f3 en octubre pasado la prisi\u00f3n en que est\u00e1 Glas, ha solicitado varios recursos de habeas corpus buscando ser enviado a M\u00e9xico o cumplir la sentencia en su domicilio, pero sus pedidos han sido rechazados judicialmente por improcedentes.<\/p>\n","protected":false},"excerpt":{"rendered":"<p>La Comisi\u00f3n Interamericana de Derechos Humanos alert\u00f3 este martes sobre la grave situaci\u00f3n del ex vicepresidente ecuatoriano Jorge Glas, recluido<\/p>\n","protected":false},"author":4,"featured_media":50116,"comment_status":"closed","ping_status":"closed","sticky":false,"template":"","format":"standard","meta":{"colormag_page_container_layout":"default_layout","colormag_page_sidebar_layout":"default_layout","_jetpack_memberships_contains_paid_content":false,"footnotes":"","jetpack_publicize_message":"","jetpack_publicize_feature_enabled":true,"jetpack_social_post_already_shared":true,"jetpack_social_options":{"image_generator_settings":{"template":"highway","default_image_id":0,"font":"","enabled":false},"version":2}},"categories":[355],"tags":[],"class_list":["post-50115","post","type-post","status-publish","format-standard","has-post-thumbnail","hentry","category-internacional"],"jetpack_publicize_connections":[],"jetpack_featured_media_url":"https:\/\/noticiasveracruz.com\/wp-content\/uploads\/2025\/02\/CAUT.jpg","jetpack_sharing_enabled":true,"publishpress_future_action":{"enabled":false,"date":"2026-05-08 12:36:50","action":"change-status","newStatus":"draft","terms":[],"taxonomy":"category","extraData":[]},"publishpress_future_workflow_manual_trigger":{"enabledWorkflows":[]},"_links":{"self":[{"href":"https:\/\/noticiasveracruz.com\/index.php\/wp-json\/wp\/v2\/posts\/50115","targetHints":{"allow":["GET"]}}],"collection":[{"href":"https:\/\/noticiasveracruz.com\/index.php\/wp-json\/wp\/v2\/posts"}],"about":[{"href":"https:\/\/noticiasveracruz.com\/index.php\/wp-json\/wp\/v2\/types\/post"}],"author":[{"embeddable":true,"href":"https:\/\/noticiasveracruz.com\/index.php\/wp-json\/wp\/v2\/users\/4"}],"replies":[{"embeddable":true,"href":"https:\/\/noticiasveracruz.com\/index.php\/wp-json\/wp\/v2\/comments?post=50115"}],"version-history":[{"count":0,"href":"https:\/\/noticiasveracruz.com\/index.php\/wp-json\/wp\/v2\/posts\/50115\/revisions"}],"wp:featuredmedia":[{"embeddable":true,"href":"https:\/\/noticiasveracruz.com\/index.php\/wp-json\/wp\/v2\/media\/50116"}],"wp:attachment":[{"href":"https:\/\/noticiasveracruz.com\/index.php\/wp-json\/wp\/v2\/media?parent=50115"}],"wp:term":[{"taxonomy":"category","embeddable":true,"href":"https:\/\/noticiasveracruz.com\/index.php\/wp-json\/wp\/v2\/categories?post=50115"},{"taxonomy":"post_tag","embeddable":true,"href":"https:\/\/noticiasveracruz.com\/index.php\/wp-json\/wp\/v2\/tags?post=50115"}],"curies":[{"name":"wp","href":"https:\/\/api.w.org\/{rel}","templated":true}]}}