{"id":50112,"date":"2025-02-12T00:19:54","date_gmt":"2025-02-12T06:19:54","guid":{"rendered":"https:\/\/noticiasveracruz.com\/?p=50112"},"modified":"2025-02-11T23:16:40","modified_gmt":"2025-02-12T05:16:40","slug":"lanza-papa-francisco-critica-a-la-politica-migratoria-de-eu","status":"publish","type":"post","link":"https:\/\/noticiasveracruz.com\/index.php\/2025\/02\/12\/lanza-papa-francisco-critica-a-la-politica-migratoria-de-eu\/","title":{"rendered":"Lanza papa Francisco cr\u00edtica a la pol\u00edtica migratoria de EU"},"content":{"rendered":"<p>El papa Francisco lanz\u00f3 una contundente cr\u00edtica al gobierno estadunidense por su pol\u00edtica de deportaci\u00f3n masiva y advirti\u00f3 que dicha iniciativa priva a los migrantes de su \u201cdignidad inherente\u201d, lo que fue rechazado de inmediato por el zar fronterizo, Tom Homan, quien le exigi\u00f3 al pont\u00edfice argentino que \u00abse centre en la Iglesia cat\u00f3lica\u201d.<\/p>\n<p>Jorge Mario Bergoglio afirm\u00f3 en una carta dirigida a los obispos de Estados Unidos que \u201cdeportar personas, que en muchos casos dejaron su propia tierra por motivos de pobreza extrema, inseguridad, explotaci\u00f3n, persecuci\u00f3n o por el grave deterioro del medio ambiente, lastima la dignidad de muchos hombres y mujeres, de familias enteras, y los coloca en un estado de especial vulnerabilidad e indefensi\u00f3n\u201c.<\/p>\n<p>\u00ab\u00bfQuiere atacarnos porque garantizamos la seguridad de nuestras fronteras? Hay un muro alrededor del Vaticano \u00bfverdad? No podemos tener un muro alrededor de Estados Unidos\u00bb, espet\u00f3 Homan, sin ocultar su molestia a los periodistas en la Casa Blanca.<\/p>\n<p>El jesuita argentino y Donald Trump ya han tenido desacuerdos sobre la migraci\u00f3n, incluso antes del primer mandato del magnate, cuando en 2016 Francisco asever\u00f3 que cualquiera que construya un muro para mantener fuera a los migrantes en lugar de puentes \u201cno es cristiano\u201d.<\/p>\n<p>Durante su papado, el primer pont\u00edfice latinoamericano de la historia ha hecho de los migrantes una prioridad mediante el mandato b\u00edblico de \u201cacoger al extranjero\u201d.<\/p>\n<p>En tanto, el ide\u00f3logo ultraderechista y cercano de Trump, Steve Bannon, se declar\u00f3 culpable en el caso de desv\u00edo de recursos para la construcci\u00f3n del muro fronterizo con M\u00e9xico para contener la migraci\u00f3n irregular, y fue condenado a tres a\u00f1os de libertad condicional.<\/p>\n<p>A su vez, dos vuelos con venezolanos deportados desde Estados Unidos llegaron arribaron ayer al Aeropuerto Internacional Sim\u00f3n Bol\u00edvar, inform\u00f3 el presidente Nicol\u00e1s Maduro. El Ministro del Interior, Diosdado Cabello, recibi\u00f3 a los migrantes y asegur\u00f3 que organismos como la Cruz Roja Internacional se encontraban en el lugar para evaluar a los ciudadanos, inform\u00f3 el diario El Espectador.<\/p>\n<p>Asimismo, el instituto de migraci\u00f3n guatemalteco report\u00f3 que recibieron desde enero pasado a cuatro mil 233 connacionales repatriados desde Estados Unidos, 382 de ellos en cinco vuelos militares y 936 desde M\u00e9xico.<\/p>\n","protected":false},"excerpt":{"rendered":"<p>El papa Francisco lanz\u00f3 una contundente cr\u00edtica al gobierno estadunidense por su pol\u00edtica de deportaci\u00f3n masiva y advirti\u00f3 que dicha<\/p>\n","protected":false},"author":4,"featured_media":50113,"comment_status":"closed","ping_status":"closed","sticky":false,"template":"","format":"standard","meta":{"colormag_page_container_layout":"default_layout","colormag_page_sidebar_layout":"default_layout","_jetpack_memberships_contains_paid_content":false,"footnotes":"","jetpack_publicize_message":"","jetpack_publicize_feature_enabled":true,"jetpack_social_post_already_shared":true,"jetpack_social_options":{"image_generator_settings":{"template":"highway","default_image_id":0,"font":"","enabled":false},"version":2}},"categories":[355],"tags":[],"class_list":["post-50112","post","type-post","status-publish","format-standard","has-post-thumbnail","hentry","category-internacional"],"jetpack_publicize_connections":[],"jetpack_featured_media_url":"https:\/\/noticiasveracruz.com\/wp-content\/uploads\/2025\/02\/PAP.jpg","jetpack_sharing_enabled":true,"publishpress_future_action":{"enabled":false,"date":"2026-05-08 13:26:25","action":"change-status","newStatus":"draft","terms":[],"taxonomy":"category","extraData":[]},"publishpress_future_workflow_manual_trigger":{"enabledWorkflows":[]},"_links":{"self":[{"href":"https:\/\/noticiasveracruz.com\/index.php\/wp-json\/wp\/v2\/posts\/50112","targetHints":{"allow":["GET"]}}],"collection":[{"href":"https:\/\/noticiasveracruz.com\/index.php\/wp-json\/wp\/v2\/posts"}],"about":[{"href":"https:\/\/noticiasveracruz.com\/index.php\/wp-json\/wp\/v2\/types\/post"}],"author":[{"embeddable":true,"href":"https:\/\/noticiasveracruz.com\/index.php\/wp-json\/wp\/v2\/users\/4"}],"replies":[{"embeddable":true,"href":"https:\/\/noticiasveracruz.com\/index.php\/wp-json\/wp\/v2\/comments?post=50112"}],"version-history":[{"count":0,"href":"https:\/\/noticiasveracruz.com\/index.php\/wp-json\/wp\/v2\/posts\/50112\/revisions"}],"wp:featuredmedia":[{"embeddable":true,"href":"https:\/\/noticiasveracruz.com\/index.php\/wp-json\/wp\/v2\/media\/50113"}],"wp:attachment":[{"href":"https:\/\/noticiasveracruz.com\/index.php\/wp-json\/wp\/v2\/media?parent=50112"}],"wp:term":[{"taxonomy":"category","embeddable":true,"href":"https:\/\/noticiasveracruz.com\/index.php\/wp-json\/wp\/v2\/categories?post=50112"},{"taxonomy":"post_tag","embeddable":true,"href":"https:\/\/noticiasveracruz.com\/index.php\/wp-json\/wp\/v2\/tags?post=50112"}],"curies":[{"name":"wp","href":"https:\/\/api.w.org\/{rel}","templated":true}]}}