{"id":50100,"date":"2025-02-12T00:15:15","date_gmt":"2025-02-12T06:15:15","guid":{"rendered":"https:\/\/noticiasveracruz.com\/?p=50100"},"modified":"2025-02-11T23:08:58","modified_gmt":"2025-02-12T05:08:58","slug":"instalan-centro-educativo-para-atencion-de-deportados-en-tamaulipas","status":"publish","type":"post","link":"https:\/\/noticiasveracruz.com\/index.php\/2025\/02\/12\/instalan-centro-educativo-para-atencion-de-deportados-en-tamaulipas\/","title":{"rendered":"Instalan centro educativo para atenci\u00f3n de deportados en Tamaulipas"},"content":{"rendered":"<p>El gobierno de Tamaulipas instal\u00f3 un nuevo Centro de Bienvenida a Migrantes en Nuevo Laredo, reforzando la atenci\u00f3n educativa a quienes son repatriados desde Estados Unidos por esta frontera, como parte de la estrategia\u00a0<em>M\u00e9xico te Abraza.<\/em><\/p>\n<p>La secretaria de Educaci\u00f3n, Luc\u00eda Aim\u00e9 Castillo Pastor, destac\u00f3 la importancia de este centro, enfatizando en que se ha designado personal especializado para apoyar a ni\u00f1as, ni\u00f1os, adolescentes y adultos en su reinserci\u00f3n acad\u00e9mica. \u201cEs fundamental garantizar que quienes regresan al pa\u00eds tengan acceso a la educaci\u00f3n y las herramientas necesarias para su desarrollo\u201d, expres\u00f3.<\/p>\n<p>Para cumplir con este objetivo, la Secretar\u00eda de Educaci\u00f3n de Tamaulipas (SET) cuenta con el respaldo de universidades pedag\u00f3gicas y escuelas normales, cuyos docentes brindan asesor\u00eda acad\u00e9mica a los migrantes. En Nuevo Laredo, las responsables de coordinar estos esfuerzos son Yolanda Villanueva Hern\u00e1ndez y Rosa Amelia Elizondo Cant\u00fa.<\/p>\n<p>Este nuevo centro se suma a los de Reynosa y Matamoros, consolidando a Tamaulipas como un estado comprometido con la atenci\u00f3n integral de los migrantes. Autoridades estatales aseguran que la iniciativa no s\u00f3lo busca apoyo educativo temporal, sino tambi\u00e9n facilitar el retorno seguro y digno de los repatriados.<\/p>\n<p>Finalmente, la SET reafirm\u00f3 su compromiso de seguir colaborando con el Instituto Tamaulipeco del Migrante y otras dependencias para fortalecer este esfuerzo. \u201cNuevo Laredo es un punto clave de ingreso al pa\u00eds y debemos asegurarnos de que ning\u00fan migrante quede sin apoyo en su regreso\u201d, concluy\u00f3 Castillo Pastor.<\/p>\n","protected":false},"excerpt":{"rendered":"<p>El gobierno de Tamaulipas instal\u00f3 un nuevo Centro de Bienvenida a Migrantes en Nuevo Laredo, reforzando la atenci\u00f3n educativa a<\/p>\n","protected":false},"author":4,"featured_media":50101,"comment_status":"closed","ping_status":"closed","sticky":false,"template":"","format":"standard","meta":{"colormag_page_container_layout":"default_layout","colormag_page_sidebar_layout":"default_layout","_jetpack_memberships_contains_paid_content":false,"footnotes":"","jetpack_publicize_message":"","jetpack_publicize_feature_enabled":true,"jetpack_social_post_already_shared":true,"jetpack_social_options":{"image_generator_settings":{"template":"highway","default_image_id":0,"font":"","enabled":false},"version":2}},"categories":[145],"tags":[],"class_list":["post-50100","post","type-post","status-publish","format-standard","has-post-thumbnail","hentry","category-estados"],"jetpack_publicize_connections":[],"jetpack_featured_media_url":"https:\/\/noticiasveracruz.com\/wp-content\/uploads\/2025\/02\/CE.jpg","jetpack_sharing_enabled":true,"publishpress_future_action":{"enabled":false,"date":"2026-05-10 08:55:47","action":"change-status","newStatus":"draft","terms":[],"taxonomy":"category","extraData":[]},"publishpress_future_workflow_manual_trigger":{"enabledWorkflows":[]},"_links":{"self":[{"href":"https:\/\/noticiasveracruz.com\/index.php\/wp-json\/wp\/v2\/posts\/50100","targetHints":{"allow":["GET"]}}],"collection":[{"href":"https:\/\/noticiasveracruz.com\/index.php\/wp-json\/wp\/v2\/posts"}],"about":[{"href":"https:\/\/noticiasveracruz.com\/index.php\/wp-json\/wp\/v2\/types\/post"}],"author":[{"embeddable":true,"href":"https:\/\/noticiasveracruz.com\/index.php\/wp-json\/wp\/v2\/users\/4"}],"replies":[{"embeddable":true,"href":"https:\/\/noticiasveracruz.com\/index.php\/wp-json\/wp\/v2\/comments?post=50100"}],"version-history":[{"count":0,"href":"https:\/\/noticiasveracruz.com\/index.php\/wp-json\/wp\/v2\/posts\/50100\/revisions"}],"wp:featuredmedia":[{"embeddable":true,"href":"https:\/\/noticiasveracruz.com\/index.php\/wp-json\/wp\/v2\/media\/50101"}],"wp:attachment":[{"href":"https:\/\/noticiasveracruz.com\/index.php\/wp-json\/wp\/v2\/media?parent=50100"}],"wp:term":[{"taxonomy":"category","embeddable":true,"href":"https:\/\/noticiasveracruz.com\/index.php\/wp-json\/wp\/v2\/categories?post=50100"},{"taxonomy":"post_tag","embeddable":true,"href":"https:\/\/noticiasveracruz.com\/index.php\/wp-json\/wp\/v2\/tags?post=50100"}],"curies":[{"name":"wp","href":"https:\/\/api.w.org\/{rel}","templated":true}]}}