{"id":50053,"date":"2025-02-11T20:53:26","date_gmt":"2025-02-12T02:53:26","guid":{"rendered":"https:\/\/noticiasveracruz.com\/?p=50053"},"modified":"2025-02-11T20:53:26","modified_gmt":"2025-02-12T02:53:26","slug":"defensa-inicio-en-tuxpan-el-canje-de-armas-en-el-marco-de-la-accion-institucional-denominada-si-al-desarme-si-a-la-paz","status":"publish","type":"post","link":"https:\/\/noticiasveracruz.com\/index.php\/2025\/02\/11\/defensa-inicio-en-tuxpan-el-canje-de-armas-en-el-marco-de-la-accion-institucional-denominada-si-al-desarme-si-a-la-paz\/","title":{"rendered":"Defensa inici\u00f3 en Tuxpan el \u201cCanje de Armas\u201d, en el marco de la acci\u00f3n institucional denominada \u00abS\u00ed al Desarme, S\u00ed a la Paz\u00bb"},"content":{"rendered":"<p>\u2022 Se invita a la poblaci\u00f3n a acudir al m\u00f3dulo instalado en plaza c\u00edvica, de 9:00 a 13:00 horas.<\/p>\n<p>Tuxpan, Ver., 11 de febrero de 2025.- Hoy Defensa puso en marcha el programa \u201cEl Canje de Armas\u201d, en el marco de la acci\u00f3n institucional denominada \u00abS\u00ed al Desarme, S\u00ed a la Paz\u00bb.<\/p>\n<p><img loading=\"lazy\" decoding=\"async\" class=\"alignnone size-medium wp-image-50054\" src=\"http:\/\/noticiasveracruz.com\/wp-content\/uploads\/2025\/02\/WhatsApp-Image-2025-02-11-at-13.43.15-1-300x200.jpeg\" alt=\"\" width=\"300\" height=\"200\" srcset=\"https:\/\/noticiasveracruz.com\/wp-content\/uploads\/2025\/02\/WhatsApp-Image-2025-02-11-at-13.43.15-1-300x200.jpeg 300w, https:\/\/noticiasveracruz.com\/wp-content\/uploads\/2025\/02\/WhatsApp-Image-2025-02-11-at-13.43.15-1-1024x681.jpeg 1024w, https:\/\/noticiasveracruz.com\/wp-content\/uploads\/2025\/02\/WhatsApp-Image-2025-02-11-at-13.43.15-1-768x511.jpeg 768w, https:\/\/noticiasveracruz.com\/wp-content\/uploads\/2025\/02\/WhatsApp-Image-2025-02-11-at-13.43.15-1-1536x1021.jpeg 1536w, https:\/\/noticiasveracruz.com\/wp-content\/uploads\/2025\/02\/WhatsApp-Image-2025-02-11-at-13.43.15-1.jpeg 1600w\" sizes=\"auto, (max-width: 300px) 100vw, 300px\" \/> <img loading=\"lazy\" decoding=\"async\" class=\"alignnone size-medium wp-image-50056\" src=\"http:\/\/noticiasveracruz.com\/wp-content\/uploads\/2025\/02\/WhatsApp-Image-2025-02-11-at-13.43.15-300x200.jpeg\" alt=\"\" width=\"300\" height=\"200\" srcset=\"https:\/\/noticiasveracruz.com\/wp-content\/uploads\/2025\/02\/WhatsApp-Image-2025-02-11-at-13.43.15-300x200.jpeg 300w, https:\/\/noticiasveracruz.com\/wp-content\/uploads\/2025\/02\/WhatsApp-Image-2025-02-11-at-13.43.15-1024x681.jpeg 1024w, https:\/\/noticiasveracruz.com\/wp-content\/uploads\/2025\/02\/WhatsApp-Image-2025-02-11-at-13.43.15-768x511.jpeg 768w, https:\/\/noticiasveracruz.com\/wp-content\/uploads\/2025\/02\/WhatsApp-Image-2025-02-11-at-13.43.15-1536x1021.jpeg 1536w, https:\/\/noticiasveracruz.com\/wp-content\/uploads\/2025\/02\/WhatsApp-Image-2025-02-11-at-13.43.15.jpeg 1600w\" sizes=\"auto, (max-width: 300px) 100vw, 300px\" \/><\/p>\n<p>Se invita a la poblaci\u00f3n a que acuda ma\u00f1ana, de 9:00 a 13:00 horas, al m\u00f3dulo que estar\u00e1 instalado en la plaza c\u00edvica, en el que podr\u00e1n cambiar cualquier tipo de armamento que tengan en su posesi\u00f3n por un electrodom\u00e9stico o est\u00edmulo econ\u00f3mico, de acuerdo con el Tabulador de armas, municiones y explosivos.<\/p>\n<p>En el inicio de este programa estuvieron presentes representantes de la Secretar\u00eda de la Defensa Nacional, as\u00ed como la S\u00edndica \u00danica y representante legal del Ayuntamiento, Mtra. Beatriz Pi\u00f1a Vergara.<\/p>\n<p><img loading=\"lazy\" decoding=\"async\" class=\"alignnone size-medium wp-image-50054\" src=\"http:\/\/noticiasveracruz.com\/wp-content\/uploads\/2025\/02\/WhatsApp-Image-2025-02-11-at-13.43.15-1-300x200.jpeg\" alt=\"\" width=\"300\" height=\"200\" srcset=\"https:\/\/noticiasveracruz.com\/wp-content\/uploads\/2025\/02\/WhatsApp-Image-2025-02-11-at-13.43.15-1-300x200.jpeg 300w, https:\/\/noticiasveracruz.com\/wp-content\/uploads\/2025\/02\/WhatsApp-Image-2025-02-11-at-13.43.15-1-1024x681.jpeg 1024w, https:\/\/noticiasveracruz.com\/wp-content\/uploads\/2025\/02\/WhatsApp-Image-2025-02-11-at-13.43.15-1-768x511.jpeg 768w, https:\/\/noticiasveracruz.com\/wp-content\/uploads\/2025\/02\/WhatsApp-Image-2025-02-11-at-13.43.15-1-1536x1021.jpeg 1536w, https:\/\/noticiasveracruz.com\/wp-content\/uploads\/2025\/02\/WhatsApp-Image-2025-02-11-at-13.43.15-1.jpeg 1600w\" sizes=\"auto, (max-width: 300px) 100vw, 300px\" \/><\/p>\n<p>El m\u00f3dulo de Defensa permanecer\u00e1 abierto lo que resta de la presente semana y la siguiente. El canje se realiza de manera voluntaria y an\u00f3nima, sin consecuencias jur\u00eddicas para los ciudadanos.<\/p>\n<p>Es importante mencionar que tambi\u00e9n podr\u00e1n acudir ni\u00f1as y ni\u00f1os a canjear sus juguetes b\u00e9licos por otro tipo de juguetes.<\/p>\n<p>Con estas acciones se busca impactar positivamente en la prevenci\u00f3n social del delito, la cultura y construcci\u00f3n de la paz.<\/p>\n","protected":false},"excerpt":{"rendered":"<p>\u2022 Se invita a la poblaci\u00f3n a acudir al m\u00f3dulo instalado en plaza c\u00edvica, de 9:00 a 13:00 horas. Tuxpan,<\/p>\n","protected":false},"author":4,"featured_media":50055,"comment_status":"closed","ping_status":"closed","sticky":false,"template":"","format":"standard","meta":{"colormag_page_container_layout":"default_layout","colormag_page_sidebar_layout":"default_layout","_jetpack_memberships_contains_paid_content":false,"footnotes":"","jetpack_publicize_message":"","jetpack_publicize_feature_enabled":true,"jetpack_social_post_already_shared":true,"jetpack_social_options":{"image_generator_settings":{"template":"highway","default_image_id":0,"font":"","enabled":false},"version":2}},"categories":[3372,356],"tags":[],"class_list":["post-50053","post","type-post","status-publish","format-standard","has-post-thumbnail","hentry","category-gobierno-tuxpan","category-veracruz"],"jetpack_publicize_connections":[],"jetpack_featured_media_url":"https:\/\/noticiasveracruz.com\/wp-content\/uploads\/2025\/02\/WhatsApp-Image-2025-02-11-at-13.43.15-2.jpeg","jetpack_sharing_enabled":true,"publishpress_future_action":{"enabled":false,"date":"2026-05-08 05:41:09","action":"change-status","newStatus":"draft","terms":[],"taxonomy":"category","extraData":[]},"publishpress_future_workflow_manual_trigger":{"enabledWorkflows":[]},"_links":{"self":[{"href":"https:\/\/noticiasveracruz.com\/index.php\/wp-json\/wp\/v2\/posts\/50053","targetHints":{"allow":["GET"]}}],"collection":[{"href":"https:\/\/noticiasveracruz.com\/index.php\/wp-json\/wp\/v2\/posts"}],"about":[{"href":"https:\/\/noticiasveracruz.com\/index.php\/wp-json\/wp\/v2\/types\/post"}],"author":[{"embeddable":true,"href":"https:\/\/noticiasveracruz.com\/index.php\/wp-json\/wp\/v2\/users\/4"}],"replies":[{"embeddable":true,"href":"https:\/\/noticiasveracruz.com\/index.php\/wp-json\/wp\/v2\/comments?post=50053"}],"version-history":[{"count":0,"href":"https:\/\/noticiasveracruz.com\/index.php\/wp-json\/wp\/v2\/posts\/50053\/revisions"}],"wp:featuredmedia":[{"embeddable":true,"href":"https:\/\/noticiasveracruz.com\/index.php\/wp-json\/wp\/v2\/media\/50055"}],"wp:attachment":[{"href":"https:\/\/noticiasveracruz.com\/index.php\/wp-json\/wp\/v2\/media?parent=50053"}],"wp:term":[{"taxonomy":"category","embeddable":true,"href":"https:\/\/noticiasveracruz.com\/index.php\/wp-json\/wp\/v2\/categories?post=50053"},{"taxonomy":"post_tag","embeddable":true,"href":"https:\/\/noticiasveracruz.com\/index.php\/wp-json\/wp\/v2\/tags?post=50053"}],"curies":[{"name":"wp","href":"https:\/\/api.w.org\/{rel}","templated":true}]}}