{"id":50047,"date":"2025-02-11T00:22:28","date_gmt":"2025-02-11T06:22:28","guid":{"rendered":"https:\/\/noticiasveracruz.com\/?p=50047"},"modified":"2025-02-10T22:06:35","modified_gmt":"2025-02-11T04:06:35","slug":"voto-a-los-16-anos","status":"publish","type":"post","link":"https:\/\/noticiasveracruz.com\/index.php\/2025\/02\/11\/voto-a-los-16-anos\/","title":{"rendered":"Voto a los 16 a\u00f1os"},"content":{"rendered":"<p>Si en este momento se aprobara la elecci\u00f3n a partir de los 16 a\u00f1os, l\u00f3gicamente el padr\u00f3n electoral crecer\u00eda de manera exponencial y m\u00e1s de dos partidos se quedar\u00edan sin registro autom\u00e1ticamente, por falta de militantes.<\/p>\n<p>El m\u00ednimo de militantes se basa en el 0.26 del padr\u00f3n electoral y en este momento el PAN a duras penas lo tiene, si no es que ya se pas\u00f3 y merece perder su registro. Movimiento Ciudadano, Partido del Trabajo y Partido Verde Ecologista, se quedar\u00edan sin registro. Lo cual servir\u00eda para refrescar pol\u00edtica nacional y forzar a que algunas organizaciones se actualicen y ubiquen en la realidad.<\/p>\n<p>Partidos que carezcan de ideolog\u00eda definida deben desaparecer por ese simple requisito, vemos que en el caso del Partido verde lo mismo se ha sumado al PRI, al PAN o a Morena. El PT, no ha dado bandazos tan radicales pero carece de una militancia propia y de una corriente pol\u00edtica que les identifique, se dice de izquierda pero acompa\u00f1a a Morena que no es de esta tendencia sino un progresismo que camina hacia la izquierda muy lentamente. En cuanto a Movimiento Ciudadano, se trata de un partido que nace en presidio, con un l\u00edder moral de dudosa reputaci\u00f3n y que s\u00f3lo juega con entre el oportunismo y el conservadurismo, se refugia en algunos de sus l\u00edderes con m\u00e1s nombre que calidad moral para sobrevivir.<\/p>\n<p>No es necesario mantener vivos estos factores ideol\u00f3gicos que s\u00f3lo distraen la votaci\u00f3n y deslegitiman l\u00edderes y candidatos, y, por si fuera poco pulverizan el voto hasta dela oposici\u00f3n. Desde luego no puede caerse en el bipartidismo que no refleja el sentir de las personas pero pocos son los organismos pol\u00edticos que en realidad buscan su identidad en la forma de pensar del pueblo. Surgen de manera inversa a su desarrollo, porque primero imponen una ideolog\u00eda y luego van a darle la cara a la poblaci\u00f3n, para tratar de convencerla de que son la opci\u00f3n de una manera de pensar que no es la suya sino la de los l\u00edderes de ese partido, la alternativa ideol\u00f3gica debe darla el pueblo no los Mecenas de los organismos pol\u00edticos.<\/p>\n<p>La incorporaci\u00f3n de los j\u00f3venes tambi\u00e9n refrescar\u00eda la vida pol\u00edtica del pa\u00eds, con un impulso nuevo y una manera de forzar que el gobierno y todos los mexicanos volteen a ver necesidades que para los distra\u00eddos son nuevas. Los j\u00f3venes son la fuerza del presente y, desde luego, del futuro, y no pueden afirmarse convencionalismos arcaicos donde el poder y las decisiones est\u00e9n concentradas s\u00f3lo en personas adultas, incluso adultos mayores.<\/p>\n<p>La diversidad incluye una variedad de edad en la decisi\u00f3n m\u00e1s importante de una ciudadana que es la de votar. Los j\u00f3venes mexicanos han aprendido de la realidad, son personas que no est\u00e1n contaminadas con aquellas viejas noticias de la televisi\u00f3n cuando entraba a la sala de los hogares a manipular conciencias y a enga\u00f1ar a los ingenuos que pasivos en la comodidad de su hogar tienen la percepci\u00f3n muy porosa.<\/p>\n<p>Ahora los j\u00f3venes se informan sobre la marcha que obliga su cotidianeidad, no est\u00e1n acomodados a la hora de los noticieros, ni tienen hora fija para informarse, ni \u201cl\u00edderes de opini\u00f3n\u201d para ser manipulados. Esa parte de la juventud tiene otra manera de percibir la realidad y de interpretarla, por lo tanto, tiene una visi\u00f3n diferente de la direcci\u00f3n de su voto.<\/p>\n<p>Los j\u00f3venes en M\u00e9xico han protagonizado buena parte de las luchas sociales, algunos son l\u00edderes natos y comprometidos con su realidad. No se busca en el voto a los 16 incondicionales de ning\u00fan partido sino la participaci\u00f3n de quienes suelen estar al margen de las decisiones, a pesar de sus ideas brillantes.<\/p>\n<p><img loading=\"lazy\" decoding=\"async\" class=\"alignnone wp-image-50045 size-full\" src=\"http:\/\/noticiasveracruz.com\/wp-content\/uploads\/2025\/02\/FIRMA-EDITORIAL-PD-2.jpg\" alt=\"\" width=\"1024\" height=\"125\" srcset=\"https:\/\/noticiasveracruz.com\/wp-content\/uploads\/2025\/02\/FIRMA-EDITORIAL-PD-2.jpg 1024w, https:\/\/noticiasveracruz.com\/wp-content\/uploads\/2025\/02\/FIRMA-EDITORIAL-PD-2-300x37.jpg 300w, https:\/\/noticiasveracruz.com\/wp-content\/uploads\/2025\/02\/FIRMA-EDITORIAL-PD-2-768x94.jpg 768w\" sizes=\"auto, (max-width: 1024px) 100vw, 1024px\" \/><\/p>\n","protected":false},"excerpt":{"rendered":"<p>Si en este momento se aprobara la elecci\u00f3n a partir de los 16 a\u00f1os, l\u00f3gicamente el padr\u00f3n electoral crecer\u00eda de<\/p>\n","protected":false},"author":4,"featured_media":39420,"comment_status":"closed","ping_status":"closed","sticky":false,"template":"","format":"standard","meta":{"colormag_page_container_layout":"default_layout","colormag_page_sidebar_layout":"default_layout","_jetpack_memberships_contains_paid_content":false,"footnotes":"","jetpack_publicize_message":"","jetpack_publicize_feature_enabled":true,"jetpack_social_post_already_shared":true,"jetpack_social_options":{"image_generator_settings":{"template":"highway","default_image_id":0,"font":"","enabled":false},"version":2}},"categories":[6],"tags":[],"class_list":["post-50047","post","type-post","status-publish","format-standard","has-post-thumbnail","hentry","category-columnistas"],"jetpack_publicize_connections":[],"jetpack_featured_media_url":"https:\/\/noticiasveracruz.com\/wp-content\/uploads\/2024\/09\/NV-JOSE-GARCIA-SANCHEZ.png","jetpack_sharing_enabled":true,"publishpress_future_action":{"enabled":false,"date":"2026-05-08 08:01:43","action":"change-status","newStatus":"draft","terms":[],"taxonomy":"category","extraData":[]},"publishpress_future_workflow_manual_trigger":{"enabledWorkflows":[]},"_links":{"self":[{"href":"https:\/\/noticiasveracruz.com\/index.php\/wp-json\/wp\/v2\/posts\/50047","targetHints":{"allow":["GET"]}}],"collection":[{"href":"https:\/\/noticiasveracruz.com\/index.php\/wp-json\/wp\/v2\/posts"}],"about":[{"href":"https:\/\/noticiasveracruz.com\/index.php\/wp-json\/wp\/v2\/types\/post"}],"author":[{"embeddable":true,"href":"https:\/\/noticiasveracruz.com\/index.php\/wp-json\/wp\/v2\/users\/4"}],"replies":[{"embeddable":true,"href":"https:\/\/noticiasveracruz.com\/index.php\/wp-json\/wp\/v2\/comments?post=50047"}],"version-history":[{"count":0,"href":"https:\/\/noticiasveracruz.com\/index.php\/wp-json\/wp\/v2\/posts\/50047\/revisions"}],"wp:featuredmedia":[{"embeddable":true,"href":"https:\/\/noticiasveracruz.com\/index.php\/wp-json\/wp\/v2\/media\/39420"}],"wp:attachment":[{"href":"https:\/\/noticiasveracruz.com\/index.php\/wp-json\/wp\/v2\/media?parent=50047"}],"wp:term":[{"taxonomy":"category","embeddable":true,"href":"https:\/\/noticiasveracruz.com\/index.php\/wp-json\/wp\/v2\/categories?post=50047"},{"taxonomy":"post_tag","embeddable":true,"href":"https:\/\/noticiasveracruz.com\/index.php\/wp-json\/wp\/v2\/tags?post=50047"}],"curies":[{"name":"wp","href":"https:\/\/api.w.org\/{rel}","templated":true}]}}