{"id":50041,"date":"2025-02-11T00:20:27","date_gmt":"2025-02-11T06:20:27","guid":{"rendered":"https:\/\/noticiasveracruz.com\/?p=50041"},"modified":"2025-02-10T22:02:17","modified_gmt":"2025-02-11T04:02:17","slug":"candidata-ecuatoriana-agradece-saludo-de-sheinbaum-y-augura-retomar-nexos-con-mexico","status":"publish","type":"post","link":"https:\/\/noticiasveracruz.com\/index.php\/2025\/02\/11\/candidata-ecuatoriana-agradece-saludo-de-sheinbaum-y-augura-retomar-nexos-con-mexico\/","title":{"rendered":"Candidata ecuatoriana agradece saludo de Sheinbaum y augura retomar nexos con M\u00e9xico"},"content":{"rendered":"<p>La candidata presidencial ecuatoriana, Luisa Gonz\u00e1lez, agradeci\u00f3 el lunes las palabras de aliento pronunciadas por la mandataria de M\u00e9xico, Claudia Sheinbaum, tras la primera vuelta en las elecciones presidenciales de este pa\u00eds sudamericano, y augur\u00f3 que las relaciones entre ambos pa\u00edses se restablecer\u00e1n, de ganar en las urnas el pr\u00f3ximo 13 de abril.<\/p>\n<p>\u00abAgradezco el mensaje de la presidenta Claudia Sheinbaum. Trabajaremos por un Ecuador justo, con oportunidades reales y estabilidad. Las relaciones con M\u00e9xico ser\u00e1n de respeto y cooperaci\u00f3n en beneficio de nuestros pueblos\u00bb, escribi\u00f3 Gonz\u00e1lez en la red social X.<\/p>\n<p>En su encuentro con la prensa en esta jornada, Sheinbaum aludi\u00f3 al resultado del proceso electoral de Ecuador, donde Gonz\u00e1lez logr\u00f3 pasar a segunda vuelta y se disputar\u00e1 la Presidencia en segunda vuelta con el actual mandatario, Daniel Noboa, candidato a la reelecci\u00f3n por el movimiento \u00abADN\u00bb (centro derecha).<\/p>\n<p>\u00abOjal\u00e1 en Ecuador pronto griten Presidenta, con a, y se puedan restablecer las relaciones M\u00e9xico-Ecuador\u00bb, afirm\u00f3 la presidenta mexicana m\u00e1s temprano, a lo que Gonz\u00e1lez respondi\u00f3 que \u00abel tiempo de las mujeres ha llegado, y Ecuador est\u00e1 listo para este paso hist\u00f3rico\u00bb.<\/p>\n<p>Ambos pa\u00edses rompieron relaciones diplom\u00e1ticas en abril de 2024, luego que la fuerza p\u00fablica ecuatoriana irrumpiera en la misi\u00f3n diplom\u00e1tica mexicana en Quito para capturar al exvicepresidente Jorge Glas (2013-2018), quien hab\u00eda recibido la condici\u00f3n de asilado pol\u00edtico.<\/p>\n<p>Ese hecho ocasion\u00f3 el inicio por parte de M\u00e9xico de un proceso de demanda contra Ecuador ante la Corte Penal Internacional de La Haya, a lo que Ecuador respondi\u00f3 con una contra demanda, actualmente en proceso.<\/p>\n<p>Con el 99,15 por ciento de las actas escrutadas, la presidenciable de la RC acapara el 43,92 por ciento de los votos v\u00e1lidos, mientras Noboa alcanza los 44,19 por ciento.<\/p>\n<p>Trabajaremos por un Ecuador justo, con oportunidades reales y estabilidad. Las relaciones con M\u00e9xico ser\u00e1n de respeto y cooperaci\u00f3n en beneficio de nuestros pueblos.<\/p>\n<p>El domingo, m\u00e1s de 13,7 millones de votantes acudieron a elegir al nuevo Gobierno, lo cual qued\u00f3 diferido para la segunda vuelta, luego que ninguno de los candidatos alcanzara el 50 por ciento m\u00e1s uno de los votos, o un m\u00ednimo de un 40 por ciento, con 10 puntos de diferencia con el rival m\u00e1s cercano.<\/p>\n<p>Adem\u00e1s, fueron escogidos en las urnas los 151 integrantes de la Asamblea Nacional (parlamento unicameral) y los cinco representantes al Parlamento Andino.<\/p>\n","protected":false},"excerpt":{"rendered":"<p>La candidata presidencial ecuatoriana, Luisa Gonz\u00e1lez, agradeci\u00f3 el lunes las palabras de aliento pronunciadas por la mandataria de M\u00e9xico, Claudia<\/p>\n","protected":false},"author":4,"featured_media":50042,"comment_status":"closed","ping_status":"closed","sticky":false,"template":"","format":"standard","meta":{"colormag_page_container_layout":"default_layout","colormag_page_sidebar_layout":"default_layout","_jetpack_memberships_contains_paid_content":false,"footnotes":"","jetpack_publicize_message":"","jetpack_publicize_feature_enabled":true,"jetpack_social_post_already_shared":true,"jetpack_social_options":{"image_generator_settings":{"template":"highway","default_image_id":0,"font":"","enabled":false},"version":2}},"categories":[355],"tags":[],"class_list":["post-50041","post","type-post","status-publish","format-standard","has-post-thumbnail","hentry","category-internacional"],"jetpack_publicize_connections":[],"jetpack_featured_media_url":"https:\/\/noticiasveracruz.com\/wp-content\/uploads\/2025\/02\/ECUA.jpg","jetpack_sharing_enabled":true,"publishpress_future_action":{"enabled":false,"date":"2026-05-08 09:51:29","action":"change-status","newStatus":"draft","terms":[],"taxonomy":"category","extraData":[]},"publishpress_future_workflow_manual_trigger":{"enabledWorkflows":[]},"_links":{"self":[{"href":"https:\/\/noticiasveracruz.com\/index.php\/wp-json\/wp\/v2\/posts\/50041","targetHints":{"allow":["GET"]}}],"collection":[{"href":"https:\/\/noticiasveracruz.com\/index.php\/wp-json\/wp\/v2\/posts"}],"about":[{"href":"https:\/\/noticiasveracruz.com\/index.php\/wp-json\/wp\/v2\/types\/post"}],"author":[{"embeddable":true,"href":"https:\/\/noticiasveracruz.com\/index.php\/wp-json\/wp\/v2\/users\/4"}],"replies":[{"embeddable":true,"href":"https:\/\/noticiasveracruz.com\/index.php\/wp-json\/wp\/v2\/comments?post=50041"}],"version-history":[{"count":0,"href":"https:\/\/noticiasveracruz.com\/index.php\/wp-json\/wp\/v2\/posts\/50041\/revisions"}],"wp:featuredmedia":[{"embeddable":true,"href":"https:\/\/noticiasveracruz.com\/index.php\/wp-json\/wp\/v2\/media\/50042"}],"wp:attachment":[{"href":"https:\/\/noticiasveracruz.com\/index.php\/wp-json\/wp\/v2\/media?parent=50041"}],"wp:term":[{"taxonomy":"category","embeddable":true,"href":"https:\/\/noticiasveracruz.com\/index.php\/wp-json\/wp\/v2\/categories?post=50041"},{"taxonomy":"post_tag","embeddable":true,"href":"https:\/\/noticiasveracruz.com\/index.php\/wp-json\/wp\/v2\/tags?post=50041"}],"curies":[{"name":"wp","href":"https:\/\/api.w.org\/{rel}","templated":true}]}}