{"id":50038,"date":"2025-02-11T00:19:32","date_gmt":"2025-02-11T06:19:32","guid":{"rendered":"https:\/\/noticiasveracruz.com\/?p=50038"},"modified":"2025-02-10T22:00:27","modified_gmt":"2025-02-11T04:00:27","slug":"espana-piden-emergencia-habitacional","status":"publish","type":"post","link":"https:\/\/noticiasveracruz.com\/index.php\/2025\/02\/11\/espana-piden-emergencia-habitacional\/","title":{"rendered":"Espa\u00f1a: piden \u00abemergencia habitacional\u00bb"},"content":{"rendered":"<p class=\"s-s\">El centro de Madrid se llen\u00f3 con m\u00e1s de 22 mil personas que enarbolaron un mismo reclamo:\u00a0<q>vivienda digna<\/q>, y que se declare\u00a0<q>emergencia habitacional<\/q>\u00a0para adoptar medidas de gran calado que remedien uno de los principales problemas del pa\u00eds, que afecta sobre todo a los j\u00f3venes.<\/p>\n<p>La protesta, convocada por la plataforma Habitat24, aboga por que las administraciones p\u00fablicas, sobre todo las que gobiernan la Comunidad de Madrid y el ayuntamiento, ambas del derechista Partido Popular (PP), comprendan que la vivienda\u00a0<q>no es un bien de mercado, sino un derecho<\/q>.<\/p>\n<p>La manifestaci\u00f3n recorri\u00f3 las principales calles del centro de la capital espa\u00f1ola, desde el Paseo del Prado hasta la Puerta del Sol, y cont\u00f3 con el apoyo de los tres principales partidos de la izquierda madrile\u00f1a, el Partido Socialista Obrero Espa\u00f1ol (PSOE), M\u00e1s Madrid y Podemos. Incluso acudieron varios miembros del gobierno espa\u00f1ol, entre ellos la ministra de Sanidad, M\u00f3nica Garc\u00eda, y la ex ministra de Turismo, la socialista Reyes Maroto. La plataforma Habitat24 est\u00e1 compuesta por m\u00e1s de 40 asociaciones y colectivos, buena parte preocupados por los problemas estructurales de la vivienda, aunque tambi\u00e9n participaron otras organizaciones, incluidas Amnist\u00eda Internacional, Greenpeace y Ecologistas en Acci\u00f3n.<\/p>\n<p>Bajo el lema\u00a0<q>Vivienda digna y sostenible \u00a1ya!<\/q>, los m\u00e1s de 22 mil manifestantes, seg\u00fan la delegaci\u00f3n del gobierno, tambi\u00e9n portaron carteles y gritaron consignas contra la presidenta de la Comunidad de Madrid, Isabel D\u00edaz Ayuso, a quien responsabilizaron de haber abierto el sector inmobiliario de la regi\u00f3n al\u00a0<q>capital especulativo<\/q>\u00a0y a los\u00a0<q>fondos buitres<\/q>. Hubo discrepancias sobre las cifras de participantes: la plataforma convocante cifr\u00f3 la asistencia en\u00a0<q>400 mil<\/q>, y el Sindicato de Inquilinas en\u00a0<q>100 mil<\/q>.<\/p>\n<div class=\"col col1\">\n<p>En el manifiesto consensuado entre todas las agrupaciones convocantes advirtieron que\u00a0<q>hace cuatro meses que la ciudadan\u00eda madrile\u00f1a expres\u00f3 claramente, en la manifestaci\u00f3n del 13 de octubre, que las instituciones no estaban tomando las decisiones adecuadas para solucionar la emergencia habitacional que estamos sufriendo. Claramente dijimos que la vivienda no es un bien de mercado, sino un derecho. Un derecho recogido en la Declaraci\u00f3n Universal de los Derechos Humanos, en la Carta Social Europea y en la Constituci\u00f3n Espa\u00f1ola. Un derecho b\u00e1sico que sostiene otras garant\u00edas fundamentales como los derechos al trabajo, a la salud o a la educaci\u00f3n. Sin embargo, a pesar de la masiva movilizaci\u00f3n ciudadana, las administraciones han seguido sin tomar las medidas necesarias para cumplir con dicho mandato<\/q>.<\/p>\n<\/div>\n<div class=\"col col2\">\n<p>Se\u00f1alaron de forma directa al gobierno de Ayuso,\u00a0<q>cuyo empe\u00f1o ha sido seguir favoreciendo los fondos de inversi\u00f3n, rentistas y especuladores, en ocasiones con la complicidad de ciertos ayuntamientos, entre otros el de Madrid. \u00a1Ya es hora de que Ayuso deje de gobernar para los poderes econ\u00f3micos que la han nombrado y lo empiece a hacer para garantizar los derechos de toda la ciudadan\u00eda! Sabemos que la soluci\u00f3n a esta crisis habitacional tiene que venir desde la actuaci\u00f3n de los poderes p\u00fablicos porque el objetivo del inter\u00e9s privado, maximizar los beneficios, es incompatible con la garant\u00eda de derechos. Para ello, el parque de vivienda p\u00fablica que en ning\u00fan caso pueda ser descalificada debe crecer de forma exponencial y situarse aproximadamente en un tercio de las viviendas totales<\/q>.<\/p>\n<p>La Plataforma de Afectados por la Hipoteca de Vallecas, que advirti\u00f3 de que los desahucios y lanzamientos han continuado de forma constante en a\u00f1os recientes a pesar de que el gobierno central est\u00e1 formado por una coalici\u00f3n de partidos de izquierda (PSOE y Sumar ahora, y PSOE y Podemos entre 2018 y 2023).\u00a0<q>Algunos quieren convertir nuestra lucha en su escaparate. Partidos del gobierno y sindicatos mayoritarios, responsables del problema de la vivienda, organizan y llaman a manifestarse. \u00a1No queremos participar de su circo! No nos representan quienes permiten que la especulaci\u00f3n nos eche de nuestras casas, quienes legislan para proteger a los rentistas y quienes pactan migajas y no soluciones reales<\/q><\/p>\n<\/div>\n","protected":false},"excerpt":{"rendered":"<p>El centro de Madrid se llen\u00f3 con m\u00e1s de 22 mil personas que enarbolaron un mismo reclamo:\u00a0vivienda digna, y que<\/p>\n","protected":false},"author":4,"featured_media":50039,"comment_status":"closed","ping_status":"closed","sticky":false,"template":"","format":"standard","meta":{"colormag_page_container_layout":"default_layout","colormag_page_sidebar_layout":"default_layout","_jetpack_memberships_contains_paid_content":false,"footnotes":"","jetpack_publicize_message":"","jetpack_publicize_feature_enabled":true,"jetpack_social_post_already_shared":true,"jetpack_social_options":{"image_generator_settings":{"template":"highway","default_image_id":0,"font":"","enabled":false},"version":2}},"categories":[355],"tags":[],"class_list":["post-50038","post","type-post","status-publish","format-standard","has-post-thumbnail","hentry","category-internacional"],"jetpack_publicize_connections":[],"jetpack_featured_media_url":"https:\/\/noticiasveracruz.com\/wp-content\/uploads\/2025\/02\/images-1.jpg","jetpack_sharing_enabled":true,"publishpress_future_action":{"enabled":false,"date":"2026-05-08 10:42:51","action":"change-status","newStatus":"draft","terms":[],"taxonomy":"category","extraData":[]},"publishpress_future_workflow_manual_trigger":{"enabledWorkflows":[]},"_links":{"self":[{"href":"https:\/\/noticiasveracruz.com\/index.php\/wp-json\/wp\/v2\/posts\/50038","targetHints":{"allow":["GET"]}}],"collection":[{"href":"https:\/\/noticiasveracruz.com\/index.php\/wp-json\/wp\/v2\/posts"}],"about":[{"href":"https:\/\/noticiasveracruz.com\/index.php\/wp-json\/wp\/v2\/types\/post"}],"author":[{"embeddable":true,"href":"https:\/\/noticiasveracruz.com\/index.php\/wp-json\/wp\/v2\/users\/4"}],"replies":[{"embeddable":true,"href":"https:\/\/noticiasveracruz.com\/index.php\/wp-json\/wp\/v2\/comments?post=50038"}],"version-history":[{"count":0,"href":"https:\/\/noticiasveracruz.com\/index.php\/wp-json\/wp\/v2\/posts\/50038\/revisions"}],"wp:featuredmedia":[{"embeddable":true,"href":"https:\/\/noticiasveracruz.com\/index.php\/wp-json\/wp\/v2\/media\/50039"}],"wp:attachment":[{"href":"https:\/\/noticiasveracruz.com\/index.php\/wp-json\/wp\/v2\/media?parent=50038"}],"wp:term":[{"taxonomy":"category","embeddable":true,"href":"https:\/\/noticiasveracruz.com\/index.php\/wp-json\/wp\/v2\/categories?post=50038"},{"taxonomy":"post_tag","embeddable":true,"href":"https:\/\/noticiasveracruz.com\/index.php\/wp-json\/wp\/v2\/tags?post=50038"}],"curies":[{"name":"wp","href":"https:\/\/api.w.org\/{rel}","templated":true}]}}