{"id":50035,"date":"2025-02-11T00:18:45","date_gmt":"2025-02-11T06:18:45","guid":{"rendered":"https:\/\/noticiasveracruz.com\/?p=50035"},"modified":"2025-02-10T21:58:31","modified_gmt":"2025-02-11T03:58:31","slug":"hamas-aplaza-liberaciones-de-rehenes-previstas-para-el-sabado","status":"publish","type":"post","link":"https:\/\/noticiasveracruz.com\/index.php\/2025\/02\/11\/hamas-aplaza-liberaciones-de-rehenes-previstas-para-el-sabado\/","title":{"rendered":"Hamas aplaza liberaciones de rehenes previstas para el s\u00e1bado"},"content":{"rendered":"<p>Hamas retrasar\u00e1 \u00abhasta nuevo aviso\u00bb las liberaciones de rehenes previstas para este s\u00e1bado, al considerar que Israel no est\u00e1 cumpliendo con los compromisos suscritos en el acuerdo de alto el fuego, \u00a0anunci\u00f3 este lunes el portavoz del brazo armado del grupo palestino, Ab\u00fa Obeida.<\/p>\n<p>Acus\u00f3 a las autoridades israel\u00edes de ralentizar el regreso de los desplazados de la zona norte de la franja de Gaza, seguir atacando a la poblaci\u00f3n civil y obstaculizar la entrada de ayuda, inform\u00f3 el portal Filastin, vinculado a la organizaci\u00f3n islamita.<\/p>\n<p>Hamas destac\u00f3 su \u00abcompromiso\u00bb con el acuerdo en vigor, pero condicion\u00f3 futuros gestos a que Israel asuma tambi\u00e9n su parte, por lo que en principio no contempla efectuar una nueva entrega de rehenes; el pasado s\u00e1bado liber\u00f3 a un grupo de tres hombres en un delicado estado de salud a cambio de 183 prisioneros palestinos, muchos de ellos tambi\u00e9n desnutridos y en precario estado de salud.<\/p>\n","protected":false},"excerpt":{"rendered":"<p>Hamas retrasar\u00e1 \u00abhasta nuevo aviso\u00bb las liberaciones de rehenes previstas para este s\u00e1bado, al considerar que Israel no est\u00e1 cumpliendo<\/p>\n","protected":false},"author":4,"featured_media":50036,"comment_status":"closed","ping_status":"closed","sticky":false,"template":"","format":"standard","meta":{"colormag_page_container_layout":"default_layout","colormag_page_sidebar_layout":"default_layout","_jetpack_memberships_contains_paid_content":false,"footnotes":"","jetpack_publicize_message":"","jetpack_publicize_feature_enabled":true,"jetpack_social_post_already_shared":true,"jetpack_social_options":{"image_generator_settings":{"template":"highway","default_image_id":0,"font":"","enabled":false},"version":2}},"categories":[355],"tags":[],"class_list":["post-50035","post","type-post","status-publish","format-standard","has-post-thumbnail","hentry","category-internacional"],"jetpack_publicize_connections":[],"jetpack_featured_media_url":"https:\/\/noticiasveracruz.com\/wp-content\/uploads\/2025\/02\/AA1yLtqb.jpg","jetpack_sharing_enabled":true,"publishpress_future_action":{"enabled":false,"date":"2026-05-08 11:40:14","action":"change-status","newStatus":"draft","terms":[],"taxonomy":"category","extraData":[]},"publishpress_future_workflow_manual_trigger":{"enabledWorkflows":[]},"_links":{"self":[{"href":"https:\/\/noticiasveracruz.com\/index.php\/wp-json\/wp\/v2\/posts\/50035","targetHints":{"allow":["GET"]}}],"collection":[{"href":"https:\/\/noticiasveracruz.com\/index.php\/wp-json\/wp\/v2\/posts"}],"about":[{"href":"https:\/\/noticiasveracruz.com\/index.php\/wp-json\/wp\/v2\/types\/post"}],"author":[{"embeddable":true,"href":"https:\/\/noticiasveracruz.com\/index.php\/wp-json\/wp\/v2\/users\/4"}],"replies":[{"embeddable":true,"href":"https:\/\/noticiasveracruz.com\/index.php\/wp-json\/wp\/v2\/comments?post=50035"}],"version-history":[{"count":0,"href":"https:\/\/noticiasveracruz.com\/index.php\/wp-json\/wp\/v2\/posts\/50035\/revisions"}],"wp:featuredmedia":[{"embeddable":true,"href":"https:\/\/noticiasveracruz.com\/index.php\/wp-json\/wp\/v2\/media\/50036"}],"wp:attachment":[{"href":"https:\/\/noticiasveracruz.com\/index.php\/wp-json\/wp\/v2\/media?parent=50035"}],"wp:term":[{"taxonomy":"category","embeddable":true,"href":"https:\/\/noticiasveracruz.com\/index.php\/wp-json\/wp\/v2\/categories?post=50035"},{"taxonomy":"post_tag","embeddable":true,"href":"https:\/\/noticiasveracruz.com\/index.php\/wp-json\/wp\/v2\/tags?post=50035"}],"curies":[{"name":"wp","href":"https:\/\/api.w.org\/{rel}","templated":true}]}}