{"id":50029,"date":"2025-02-11T00:16:41","date_gmt":"2025-02-11T06:16:41","guid":{"rendered":"https:\/\/noticiasveracruz.com\/?p=50029"},"modified":"2025-02-10T21:54:32","modified_gmt":"2025-02-11T03:54:32","slug":"rechazan-84-3-de-zacatecanos-construccion-de-viaducto-elevado-revela-encuesta","status":"publish","type":"post","link":"https:\/\/noticiasveracruz.com\/index.php\/2025\/02\/11\/rechazan-84-3-de-zacatecanos-construccion-de-viaducto-elevado-revela-encuesta\/","title":{"rendered":"Rechazan 84.3% de zacatecanos construcci\u00f3n de viaducto elevado, revela encuesta"},"content":{"rendered":"<p>Integrantes de la Red Ciudadan\u00eda Participativa de Zacatecas, presentaron los resultados de una encuesta realizada en la entidad por la empresa LEMA, seg\u00fan la cual el 84.3 por ciento de las personas consultadas, est\u00e1n en desacuerdo con la construcci\u00f3n del viaducto elevado de Zacatecas, y s\u00f3lo el 15.7 por ciento est\u00e1n a favor de esa obra.<\/p>\n<p>Representantes de la asociaci\u00f3n civil, encabezados por el docente universitario Juan Francisco Valerio Quintero, dieron a dar a conocer los resultados del estudio aplicado a mil 4 ciudadanos.<\/p>\n<p>El resultado se\u00f1ala que \u201cexiste un rechazo mayoritario al proyecto del viaducto elevado en el bulevar Adolfo L\u00f3pez Mateos de la zona conurbada de Zacatecas. La poblaci\u00f3n encuestada, casi en su totalidad, prefiere que esa inversi\u00f3n se utilice en otras necesidades, destacando primero medicinas y hospitales, seguridad, carreteras y educaci\u00f3n y escuelas\u201d.<\/p>\n<p>\u201cEste es el reporte de una encuesta estatal acerca de la percepci\u00f3n ciudadana respecto a la construcci\u00f3n del viaducto elevado en el bulevar Adolfo L\u00f3pez Mateos de la zona conurbada de Guadalupe y Zacatecas\u201d.<\/p>\n<p>La vitrina metodol\u00f3gica del documento se\u00f1ala que la encuesta se levant\u00f3 v\u00eda telef\u00f3nica, \u201cmediante llamadas robotizadas con uso de inteligencia artificial\u201d. El universo de estudio se realiz\u00f3 con habitantes mayores de edad del estado de Zacatecas, y el intervalo de confianza se estima con un 95 por ciento y un error muestral del 5 por ciento. El ejercicio fue realizado el pasado mi\u00e9rcoles 5 de febrero, con base en un cuestionario de cinco preguntas de opci\u00f3n m\u00faltiple.<\/p>\n<p>El informe se\u00f1ala que la poblaci\u00f3n encuestada, que est\u00e1 de acuerdo en la construcci\u00f3n del viaducto elevado, prefiere que ese monto se invierta en alg\u00fan otro proyecto social. No existe una diferencia estad\u00edstica significativa en el rechazo al viaducto elevado respecto a la zona territorial, sin embargo, la prioridad del viaducto elevado, aunque es baja en ambos casos, es mayor en la zona conurbada que en otros municipios. Y se advierte que, \u201c3 de cada 5 de los encuestados, desaprueban el trabajo de David Monreal como gobernador de Zacatecas\u201d.<\/p>\n<p>Asimismo, se indic\u00f3, que de la gente que aprueba el trabajo de David Monreal, solo la mitad est\u00e1n de acuerdo con el viaducto elevado: \u201ccasi la totalidad de la gente que desaprueba el trabajo de David Monreal, est\u00e1 en desacuerdo con el viaducto elevado. En la segmentaci\u00f3n poblacional por g\u00e9nero, el nivel de rechazo es similar, sin embargo, las mujeres dan menor prioridad al viaducto elevado que los hombres\u201d.<\/p>\n<p>Por \u00faltimo, se expone que, en la segmentaci\u00f3n poblacional por edad, el rechazo al viaducto elevado es mayor para personas de m\u00e1s de 30 a\u00f1os, que, para las personas j\u00f3venes, \u201csin embargo los j\u00f3venes la consideran una obra muy poco prioritaria\u201d.<\/p>\n","protected":false},"excerpt":{"rendered":"<p>Integrantes de la Red Ciudadan\u00eda Participativa de Zacatecas, presentaron los resultados de una encuesta realizada en la entidad por la<\/p>\n","protected":false},"author":4,"featured_media":50030,"comment_status":"closed","ping_status":"closed","sticky":false,"template":"","format":"standard","meta":{"colormag_page_container_layout":"default_layout","colormag_page_sidebar_layout":"default_layout","_jetpack_memberships_contains_paid_content":false,"footnotes":"","jetpack_publicize_message":"","jetpack_publicize_feature_enabled":true,"jetpack_social_post_already_shared":true,"jetpack_social_options":{"image_generator_settings":{"template":"highway","default_image_id":0,"font":"","enabled":false},"version":2}},"categories":[145],"tags":[],"class_list":["post-50029","post","type-post","status-publish","format-standard","has-post-thumbnail","hentry","category-estados"],"jetpack_publicize_connections":[],"jetpack_featured_media_url":"https:\/\/noticiasveracruz.com\/wp-content\/uploads\/2025\/02\/ZAC.jpg","jetpack_sharing_enabled":true,"publishpress_future_action":{"enabled":false,"date":"2026-05-08 12:32:39","action":"change-status","newStatus":"draft","terms":[],"taxonomy":"category","extraData":[]},"publishpress_future_workflow_manual_trigger":{"enabledWorkflows":[]},"_links":{"self":[{"href":"https:\/\/noticiasveracruz.com\/index.php\/wp-json\/wp\/v2\/posts\/50029","targetHints":{"allow":["GET"]}}],"collection":[{"href":"https:\/\/noticiasveracruz.com\/index.php\/wp-json\/wp\/v2\/posts"}],"about":[{"href":"https:\/\/noticiasveracruz.com\/index.php\/wp-json\/wp\/v2\/types\/post"}],"author":[{"embeddable":true,"href":"https:\/\/noticiasveracruz.com\/index.php\/wp-json\/wp\/v2\/users\/4"}],"replies":[{"embeddable":true,"href":"https:\/\/noticiasveracruz.com\/index.php\/wp-json\/wp\/v2\/comments?post=50029"}],"version-history":[{"count":0,"href":"https:\/\/noticiasveracruz.com\/index.php\/wp-json\/wp\/v2\/posts\/50029\/revisions"}],"wp:featuredmedia":[{"embeddable":true,"href":"https:\/\/noticiasveracruz.com\/index.php\/wp-json\/wp\/v2\/media\/50030"}],"wp:attachment":[{"href":"https:\/\/noticiasveracruz.com\/index.php\/wp-json\/wp\/v2\/media?parent=50029"}],"wp:term":[{"taxonomy":"category","embeddable":true,"href":"https:\/\/noticiasveracruz.com\/index.php\/wp-json\/wp\/v2\/categories?post=50029"},{"taxonomy":"post_tag","embeddable":true,"href":"https:\/\/noticiasveracruz.com\/index.php\/wp-json\/wp\/v2\/tags?post=50029"}],"curies":[{"name":"wp","href":"https:\/\/api.w.org\/{rel}","templated":true}]}}