{"id":50026,"date":"2025-02-11T00:15:59","date_gmt":"2025-02-11T06:15:59","guid":{"rendered":"https:\/\/noticiasveracruz.com\/?p=50026"},"modified":"2025-02-10T21:52:42","modified_gmt":"2025-02-11T03:52:42","slug":"lideres-religiosos-anuncian-marcha-de-la-paz-2025-en-tamaulipas","status":"publish","type":"post","link":"https:\/\/noticiasveracruz.com\/index.php\/2025\/02\/11\/lideres-religiosos-anuncian-marcha-de-la-paz-2025-en-tamaulipas\/","title":{"rendered":"L\u00edderes religiosos anuncian \u201cMarcha de la Paz 2025\u201d en Tamaulipas"},"content":{"rendered":"<p>L\u00edderes religiosos de la \u201cAlianza Evang\u00e9lica Pastores Amigos de\u00a0Nuevo\u00a0Laredo\u201d anunciaron la edici\u00f3n n\u00famero 24 de la \u201cMarcha de la Paz 2025\u201d, un evento de oraci\u00f3n que busca unir a la comunidad en un mensaje de esperanza y reconciliaci\u00f3n.<\/p>\n<p>La convocatoria fue presentada en la reuni\u00f3n del Consejo de Instituciones, donde el Pastor Francisco Javier Vital, coordinador del evento, detall\u00f3 que la marcha se realizar\u00e1 el 17 de marzo y contar\u00e1 con la participaci\u00f3n de m\u00e1s de 8 mil personas.<\/p>\n<p>Los organizadores informaron que ya se ha avanzado en un 70% en la planificaci\u00f3n, incluyendo la organizaci\u00f3n musical, permisos y medidas de vialidad para garantizar el buen desarrollo del evento.<\/p>\n<p>El recorrido iniciar\u00e1 en el monumento a Benito Ju\u00e1rez y avanzar\u00e1 por las calles Campeche, Degollado y Venustiano Carranza, hasta llegar a Expomex, donde se celebrar\u00e1 un concierto con la agrupaci\u00f3n cristiana \u201cMiel San Marcos\u201d.<\/p>\n","protected":false},"excerpt":{"rendered":"<p>L\u00edderes religiosos de la \u201cAlianza Evang\u00e9lica Pastores Amigos de\u00a0Nuevo\u00a0Laredo\u201d anunciaron la edici\u00f3n n\u00famero 24 de la \u201cMarcha de la Paz<\/p>\n","protected":false},"author":4,"featured_media":50027,"comment_status":"closed","ping_status":"closed","sticky":false,"template":"","format":"standard","meta":{"colormag_page_container_layout":"default_layout","colormag_page_sidebar_layout":"default_layout","_jetpack_memberships_contains_paid_content":false,"footnotes":"","jetpack_publicize_message":"","jetpack_publicize_feature_enabled":true,"jetpack_social_post_already_shared":true,"jetpack_social_options":{"image_generator_settings":{"template":"highway","default_image_id":0,"font":"","enabled":false},"version":2}},"categories":[145],"tags":[],"class_list":["post-50026","post","type-post","status-publish","format-standard","has-post-thumbnail","hentry","category-estados"],"jetpack_publicize_connections":[],"jetpack_featured_media_url":"https:\/\/noticiasveracruz.com\/wp-content\/uploads\/2025\/02\/RELI.jpg","jetpack_sharing_enabled":true,"publishpress_future_action":{"enabled":false,"date":"2026-05-08 13:27:08","action":"change-status","newStatus":"draft","terms":[],"taxonomy":"category","extraData":[]},"publishpress_future_workflow_manual_trigger":{"enabledWorkflows":[]},"_links":{"self":[{"href":"https:\/\/noticiasveracruz.com\/index.php\/wp-json\/wp\/v2\/posts\/50026","targetHints":{"allow":["GET"]}}],"collection":[{"href":"https:\/\/noticiasveracruz.com\/index.php\/wp-json\/wp\/v2\/posts"}],"about":[{"href":"https:\/\/noticiasveracruz.com\/index.php\/wp-json\/wp\/v2\/types\/post"}],"author":[{"embeddable":true,"href":"https:\/\/noticiasveracruz.com\/index.php\/wp-json\/wp\/v2\/users\/4"}],"replies":[{"embeddable":true,"href":"https:\/\/noticiasveracruz.com\/index.php\/wp-json\/wp\/v2\/comments?post=50026"}],"version-history":[{"count":0,"href":"https:\/\/noticiasveracruz.com\/index.php\/wp-json\/wp\/v2\/posts\/50026\/revisions"}],"wp:featuredmedia":[{"embeddable":true,"href":"https:\/\/noticiasveracruz.com\/index.php\/wp-json\/wp\/v2\/media\/50027"}],"wp:attachment":[{"href":"https:\/\/noticiasveracruz.com\/index.php\/wp-json\/wp\/v2\/media?parent=50026"}],"wp:term":[{"taxonomy":"category","embeddable":true,"href":"https:\/\/noticiasveracruz.com\/index.php\/wp-json\/wp\/v2\/categories?post=50026"},{"taxonomy":"post_tag","embeddable":true,"href":"https:\/\/noticiasveracruz.com\/index.php\/wp-json\/wp\/v2\/tags?post=50026"}],"curies":[{"name":"wp","href":"https:\/\/api.w.org\/{rel}","templated":true}]}}