{"id":50017,"date":"2025-02-11T00:12:16","date_gmt":"2025-02-11T06:12:16","guid":{"rendered":"https:\/\/noticiasveracruz.com\/?p=50017"},"modified":"2025-02-10T21:46:56","modified_gmt":"2025-02-11T03:46:56","slug":"salvadorenos-se-oponen-a-reactivacion-de-la-mineria-metalica","status":"publish","type":"post","link":"https:\/\/noticiasveracruz.com\/index.php\/2025\/02\/11\/salvadorenos-se-oponen-a-reactivacion-de-la-mineria-metalica\/","title":{"rendered":"Salvadore\u00f1os se oponen a reactivaci\u00f3n de la miner\u00eda met\u00e1lica"},"content":{"rendered":"<p>Cientos de salvadore\u00f1os protestaron este domingo para rechazar la miner\u00eda met\u00e1lica que impulsa el presidente, Nayib Bukele, al considerar que provocar\u00e1 la contaminaci\u00f3n de los recursos naturales, especialmente el agua.<\/p>\n<p>Con pancartas con lemas: \u201cToda mina contamina\u201d, \u201cNo a la miner\u00eda\u201d, \u201cSin oro se vive, sin agua se muere\u201d y \u201cLa vida no se vende, la vida se defiende\u201d los activistas se congregaron frente a la Biblioteca Nacional, en el centro hist\u00f3rico de la capital.<\/p>\n<p>\u201cEl gobierno no est\u00e1 dando investigaciones, no est\u00e1 dando ning\u00fan estudio que respalde la miner\u00eda\u201d, dijo a la AFP el licenciado en letras, Juan Guzm\u00e1n, de 31 a\u00f1os, quien acudi\u00f3 al llamado de grupos ambientalistas, universitarios, estudiantiles y de derechos humanos.<\/p>\n<p>Afirm\u00f3 que estudios de otros pa\u00edses \u201cnos dicen que la miner\u00eda aqu\u00ed en El Salvador no es viable, los mantos acu\u00edferos se van a contaminar, no tenemos el agua suficiente. La miner\u00eda s\u00f3lo significa una cosa para un futuro: no tener agua, simplemente eso\u201d.<\/p>\n<p>\u201cSin agua no se vive, porque sin agua no podemos resistir, y no importa si sos gay, lesbiana, bisexual, sin agua no se vive. La miner\u00eda es muerte\u201d, coment\u00f3 la ambientalista Pamela Alfaro.<\/p>\n<p>En tanto, Vidalina Morales, presidenta de la Asociaci\u00f3n para el Desarrollo Econ\u00f3mico y Social de Santa Marta (ADES), hizo un llamado a la juventud salvadore\u00f1a para defender \u201cnuestro medio ambiente\u201d.<\/p>\n<p>\u201cSabemos que la causa y la lucha que defendemos es una causa justa, es una causa por la continuidad de la vida\u201d, puntualiz\u00f3.<\/p>\n<p>La protesta se realiza dos d\u00edas despu\u00e9s que la Iglesia cat\u00f3lica inici\u00f3 una campa\u00f1a para recolectar un mill\u00f3n de firmas y expresar el rechazo a miner\u00eda en la naci\u00f3n.<\/p>\n<p>El pasado 23 de diciembre, el Congreso, con 57 de los 60 diputados leales a Bukele, aprob\u00f3 la ley que reactiv\u00f3 la miner\u00eda met\u00e1lica en el pa\u00eds, que estaba prohibida desde 2017.<\/p>\n<p>Ambientalistas temen que esa industria contamine el r\u00edo Lempa que atraviesa la zona de potencial minero y abastece de agua al 70 por ciento de los habitantes de la capital y ciudades aleda\u00f1as.<\/p>\n<p>Bukele sostiene que, seg\u00fan un estudio cuya autor\u00eda no revel\u00f3, en el pa\u00eds existen yacimientos de oro valorados en 131 mil millones de d\u00f3lares, equivalentes \u201cal 380 por ciento del producto interno bruto\u201d.<\/p>\n","protected":false},"excerpt":{"rendered":"<p>Cientos de salvadore\u00f1os protestaron este domingo para rechazar la miner\u00eda met\u00e1lica que impulsa el presidente, Nayib Bukele, al considerar que<\/p>\n","protected":false},"author":4,"featured_media":50018,"comment_status":"closed","ping_status":"closed","sticky":false,"template":"","format":"standard","meta":{"colormag_page_container_layout":"default_layout","colormag_page_sidebar_layout":"default_layout","_jetpack_memberships_contains_paid_content":false,"footnotes":"","jetpack_publicize_message":"","jetpack_publicize_feature_enabled":true,"jetpack_social_post_already_shared":true,"jetpack_social_options":{"image_generator_settings":{"template":"highway","default_image_id":0,"font":"","enabled":false},"version":2}},"categories":[1947],"tags":[],"class_list":["post-50017","post","type-post","status-publish","format-standard","has-post-thumbnail","hentry","category-economia"],"jetpack_publicize_connections":[],"jetpack_featured_media_url":"https:\/\/noticiasveracruz.com\/wp-content\/uploads\/2025\/02\/SAL.jpg","jetpack_sharing_enabled":true,"publishpress_future_action":{"enabled":false,"date":"2026-05-10 02:30:55","action":"change-status","newStatus":"draft","terms":[],"taxonomy":"category","extraData":[]},"publishpress_future_workflow_manual_trigger":{"enabledWorkflows":[]},"_links":{"self":[{"href":"https:\/\/noticiasveracruz.com\/index.php\/wp-json\/wp\/v2\/posts\/50017","targetHints":{"allow":["GET"]}}],"collection":[{"href":"https:\/\/noticiasveracruz.com\/index.php\/wp-json\/wp\/v2\/posts"}],"about":[{"href":"https:\/\/noticiasveracruz.com\/index.php\/wp-json\/wp\/v2\/types\/post"}],"author":[{"embeddable":true,"href":"https:\/\/noticiasveracruz.com\/index.php\/wp-json\/wp\/v2\/users\/4"}],"replies":[{"embeddable":true,"href":"https:\/\/noticiasveracruz.com\/index.php\/wp-json\/wp\/v2\/comments?post=50017"}],"version-history":[{"count":0,"href":"https:\/\/noticiasveracruz.com\/index.php\/wp-json\/wp\/v2\/posts\/50017\/revisions"}],"wp:featuredmedia":[{"embeddable":true,"href":"https:\/\/noticiasveracruz.com\/index.php\/wp-json\/wp\/v2\/media\/50018"}],"wp:attachment":[{"href":"https:\/\/noticiasveracruz.com\/index.php\/wp-json\/wp\/v2\/media?parent=50017"}],"wp:term":[{"taxonomy":"category","embeddable":true,"href":"https:\/\/noticiasveracruz.com\/index.php\/wp-json\/wp\/v2\/categories?post=50017"},{"taxonomy":"post_tag","embeddable":true,"href":"https:\/\/noticiasveracruz.com\/index.php\/wp-json\/wp\/v2\/tags?post=50017"}],"curies":[{"name":"wp","href":"https:\/\/api.w.org\/{rel}","templated":true}]}}