{"id":50014,"date":"2025-02-11T00:11:26","date_gmt":"2025-02-11T06:11:26","guid":{"rendered":"https:\/\/noticiasveracruz.com\/?p=50014"},"modified":"2025-02-10T21:45:14","modified_gmt":"2025-02-11T03:45:14","slug":"slim-reformas-fiscales-descomponen-estabilidad-macroeconomica","status":"publish","type":"post","link":"https:\/\/noticiasveracruz.com\/index.php\/2025\/02\/11\/slim-reformas-fiscales-descomponen-estabilidad-macroeconomica\/","title":{"rendered":"Slim: reformas fiscales descomponen estabilidad macroecon\u00f3mica"},"content":{"rendered":"<p>Carlos Slim Hel\u00fa, presidente honorario y vitalicio de Grupo Carso, se pronunci\u00f3 en contra de la implementaci\u00f3n de una reforma fiscal en M\u00e9xico, pues es un mecanismo que descompone la estabilidad macroecon\u00f3mica y que ha quedado demostrado que no surte efectos ni beneficios a la poblaci\u00f3n.<\/p>\n<p>Contrario a ello, expuso el empresario m\u00e1s rico del pa\u00eds, el rumbo que ha tomado el nuevo gobierno, liderado por Claudia Sheinbaum, que est\u00e1 enfocado en mantener las tasas de inter\u00e9s y la inflaci\u00f3n en niveles bajos es el correcto, pues as\u00ed, el futuro \u201cpuede ser muy bueno\u201d.<\/p>\n<p>\u201cLas reformas fiscales no son buenas, quiz\u00e1 hay que arreglar cosas con las reformas, pero una reforma que aumenta el IVA o el ISR, que lo sube 5 por ciento \u00bfQu\u00e9 pasa? Las empresas suben sus productos, si sube el IVA, sube el producto, y si sube el producto sube la inflaci\u00f3n, si sube la inflaci\u00f3n, sube la tasa de inter\u00e9s.<\/p>\n<p>\u201cPuede que sea m\u00e1s alto pagar por la tasa de inter\u00e9s que por el aumento de impuestos y eso descompone descompone la estabilidad macroecon\u00f3mica\u201d,dijo Slim Hel\u00fa este lunes en su conferencia de prensa anual, realizada en las instalaciones de Inbursa al poniente de la capital del pa\u00eds.<\/p>\n<p>\u201cActualmente, estoy muy optimista porque da la impresi\u00f3n de que la presidenta no est\u00e1 buscando zangolotear salarios, costos, horas, tal o tal. Recientemente habl\u00f3 de macroeconom\u00eda, dijo que si la tenemos estable no se nos va la inflaci\u00f3n y est\u00e1 en niveles razonables.<\/p>\n<p>\u201cSi la macroeconom\u00eda est\u00e1 estable, sin brincar de un lado para otro, estamos convencidos de que el futuro puede ser muy bueno\u201d, apunt\u00f3 Slim Hel\u00fa, cuyo consorcio tiene presencia en 49 pa\u00edses y da empleo a 395 mil personas.<\/p>\n<p>Record\u00f3 que en el pasado \u201cno hubo tanto cuidado con el crecimiento y el desarrollo, y a pesar de que hubieron \u201cmuy buenos tecn\u00f3cratas, hubo 14 reformas fiscales\u201d, que no se tradujeron en alg\u00fan beneficio para la poblaci\u00f3n.<\/p>\n<p>De acuerdo con el magnate, cuya fortuna est\u00e1 valuada en unos 78 mil millones de d\u00f3lares, en general, los pa\u00edses no crecen \u201cporque no est\u00e1n invirtiendo, crecer a uno o dos por ciento no es crecimiento.<\/p>\n<p><strong>Inversi\u00f3n de 25% como proporci\u00f3n del PIB, urgente<\/strong><\/p>\n<p>\u201cHay que invertir m\u00e1s de 25 por ciento (como proporci\u00f3n del PIB) este a\u00f1o y es algo urgente, entre sector privado y sector p\u00fablico (nacional y extranjero). Vamos a tener que invertir todos.<\/p>\n<p>\u201cSi logramos una inversi\u00f3n importante mejorar\u00e1 la econom\u00eda del pa\u00eds\u201d, expuso el magnate, tras hacer un recuento de la historia de las empresas integradas a su grupo, como son Am\u00e9rica Movil, Telmex, Carso Energy, Inbursa, Sanborns, entre otras.<\/p>\n<p>Consider\u00f3 que los sectores en donde se debe de invertir actualmente es infraestructura, producci\u00f3n de petr\u00f3leo, telecomunicaciones, as\u00ed como en temas relacionados con la inteligencia artificial y la energ\u00eda el\u00e9ctrica.<\/p>\n<p>\u201cTenemos un entorno nacional muy bueno que si le agregamos la cuesti\u00f3n geogr\u00e1fica, que somos vecinos de Estados Unidos, y que Estados Unidos pasa una situaci\u00f3n importante, delicada y problem\u00e1tica, con un super esfuerzo que debe hacer para corregir, que es ah\u00ed donde se habla del\u00a0<em>nearshoring<\/em>\u201d, detall\u00f3 Slim, quien tambi\u00e9n se considera uno de los 20 hombres m\u00e1s ricos del mundo.<\/p>\n","protected":false},"excerpt":{"rendered":"<p>Carlos Slim Hel\u00fa, presidente honorario y vitalicio de Grupo Carso, se pronunci\u00f3 en contra de la implementaci\u00f3n de una reforma<\/p>\n","protected":false},"author":4,"featured_media":50015,"comment_status":"closed","ping_status":"closed","sticky":false,"template":"","format":"standard","meta":{"colormag_page_container_layout":"default_layout","colormag_page_sidebar_layout":"default_layout","_jetpack_memberships_contains_paid_content":false,"footnotes":"","jetpack_publicize_message":"","jetpack_publicize_feature_enabled":true,"jetpack_social_post_already_shared":true,"jetpack_social_options":{"image_generator_settings":{"template":"highway","default_image_id":0,"font":"","enabled":false},"version":2}},"categories":[1947],"tags":[],"class_list":["post-50014","post","type-post","status-publish","format-standard","has-post-thumbnail","hentry","category-economia"],"jetpack_publicize_connections":[],"jetpack_featured_media_url":"https:\/\/noticiasveracruz.com\/wp-content\/uploads\/2025\/02\/slim.reforma.fiscal-650x375-1.jpg","jetpack_sharing_enabled":true,"publishpress_future_action":{"enabled":false,"date":"2026-05-08 13:16:03","action":"change-status","newStatus":"draft","terms":[],"taxonomy":"category","extraData":[]},"publishpress_future_workflow_manual_trigger":{"enabledWorkflows":[]},"_links":{"self":[{"href":"https:\/\/noticiasveracruz.com\/index.php\/wp-json\/wp\/v2\/posts\/50014","targetHints":{"allow":["GET"]}}],"collection":[{"href":"https:\/\/noticiasveracruz.com\/index.php\/wp-json\/wp\/v2\/posts"}],"about":[{"href":"https:\/\/noticiasveracruz.com\/index.php\/wp-json\/wp\/v2\/types\/post"}],"author":[{"embeddable":true,"href":"https:\/\/noticiasveracruz.com\/index.php\/wp-json\/wp\/v2\/users\/4"}],"replies":[{"embeddable":true,"href":"https:\/\/noticiasveracruz.com\/index.php\/wp-json\/wp\/v2\/comments?post=50014"}],"version-history":[{"count":0,"href":"https:\/\/noticiasveracruz.com\/index.php\/wp-json\/wp\/v2\/posts\/50014\/revisions"}],"wp:featuredmedia":[{"embeddable":true,"href":"https:\/\/noticiasveracruz.com\/index.php\/wp-json\/wp\/v2\/media\/50015"}],"wp:attachment":[{"href":"https:\/\/noticiasveracruz.com\/index.php\/wp-json\/wp\/v2\/media?parent=50014"}],"wp:term":[{"taxonomy":"category","embeddable":true,"href":"https:\/\/noticiasveracruz.com\/index.php\/wp-json\/wp\/v2\/categories?post=50014"},{"taxonomy":"post_tag","embeddable":true,"href":"https:\/\/noticiasveracruz.com\/index.php\/wp-json\/wp\/v2\/tags?post=50014"}],"curies":[{"name":"wp","href":"https:\/\/api.w.org\/{rel}","templated":true}]}}