{"id":50002,"date":"2025-02-11T00:07:30","date_gmt":"2025-02-11T06:07:30","guid":{"rendered":"https:\/\/noticiasveracruz.com\/?p=50002"},"modified":"2025-02-10T21:36:44","modified_gmt":"2025-02-11T03:36:44","slug":"entre-febrero-y-marzo-se-iniciara-la-construccion-de-52-mil-viviendas-de-interes-social-conavi","status":"publish","type":"post","link":"https:\/\/noticiasveracruz.com\/index.php\/2025\/02\/11\/entre-febrero-y-marzo-se-iniciara-la-construccion-de-52-mil-viviendas-de-interes-social-conavi\/","title":{"rendered":"Entre febrero y marzo se iniciar\u00e1 la construcci\u00f3n de 52 mil viviendas de inter\u00e9s social: Conavi"},"content":{"rendered":"<p>Entre febrero y marzo, el gobierno federal iniciar\u00e1 la construcci\u00f3n de m\u00e1s de 52 mil viviendas de inter\u00e9s social, de las cuales 10 mil se rentar\u00e1n a j\u00f3venes que estudian o trabajan, a fin que a\u00f1os adelante estos puedan hacerse de esas casas.<\/p>\n<p>As\u00ed se dio a conocer esta ma\u00f1ana en la conferencia de la presidenta Claudia Sheinbaum Pardo, donde funcionarios federales presentaron los avances del Programa Nacional de Vivienda.<\/p>\n<p>El director general de la Comisi\u00f3n Nacional de Vivienda (Conavi), Rodrigo Ch\u00e1vez Contreras, detall\u00f3 que en febrero arrancar\u00e1 la edificaci\u00f3n de 20 mil 564 viviendas en 44 predios que suman 148 hect\u00e1reas.<\/p>\n<p>Para marzo, agreg\u00f3, ser\u00e1n 13 mil 798 casas cuya construcci\u00f3n iniciar\u00e1 en 31 predios que suman 116 hect\u00e1reas; mientras que en abril comenzar\u00e1n a levantarse 17 mil 983 viviendas, en 31 predios con 115 hect\u00e1reas.<\/p>\n<p>Con ello, dijo, sumar\u00e1n 52 mil 345 viviendas nuevas que iniciar\u00e1n su construcci\u00f3n en el primer cuatrimestre de 2025.<\/p>\n<p>Por su parte, la titular de la Secretar\u00eda de Desarrollo Agrario, Territorial y Urbano, Edna Vega Rangel, record\u00f3 que la meta para este a\u00f1o es la construcci\u00f3n de 125 mil casas habitacionales nuevas, 100 mil mejoramientos en zona oriente estado de M\u00e9xico y 120 mil tr\u00e1mites para escrituras.<\/p>\n<p>Refiri\u00f3 que las m\u00e1s de 52 mil viviendas que arrancar\u00e1n su construcci\u00f3n entre febrero y abril abarcan 25 entidades del pa\u00eds.<\/p>\n<p>\u201cParece sencillo, pero esto significa la consolidaci\u00f3n de proyectos a trav\u00e9s de la Conavi\u201d, indic\u00f3.<\/p>\n<p>Asimismo, la construcci\u00f3n de estos proyectos para las 52 mil casas, dijo, generar\u00e1n 235 mil empleos directos y 253 mil indirectos.<\/p>\n","protected":false},"excerpt":{"rendered":"<p>Entre febrero y marzo, el gobierno federal iniciar\u00e1 la construcci\u00f3n de m\u00e1s de 52 mil viviendas de inter\u00e9s social, de<\/p>\n","protected":false},"author":4,"featured_media":50003,"comment_status":"closed","ping_status":"closed","sticky":false,"template":"","format":"standard","meta":{"colormag_page_container_layout":"default_layout","colormag_page_sidebar_layout":"default_layout","_jetpack_memberships_contains_paid_content":false,"footnotes":"","jetpack_publicize_message":"","jetpack_publicize_feature_enabled":true,"jetpack_social_post_already_shared":true,"jetpack_social_options":{"image_generator_settings":{"template":"highway","default_image_id":0,"font":"","enabled":false},"version":2}},"categories":[4],"tags":[],"class_list":["post-50002","post","type-post","status-publish","format-standard","has-post-thumbnail","hentry","category-nacional"],"jetpack_publicize_connections":[],"jetpack_featured_media_url":"https:\/\/noticiasveracruz.com\/wp-content\/uploads\/2025\/02\/834413132.jpg","jetpack_sharing_enabled":true,"publishpress_future_action":{"enabled":false,"date":"2026-05-08 10:36:26","action":"change-status","newStatus":"draft","terms":[],"taxonomy":"category","extraData":[]},"publishpress_future_workflow_manual_trigger":{"enabledWorkflows":[]},"_links":{"self":[{"href":"https:\/\/noticiasveracruz.com\/index.php\/wp-json\/wp\/v2\/posts\/50002","targetHints":{"allow":["GET"]}}],"collection":[{"href":"https:\/\/noticiasveracruz.com\/index.php\/wp-json\/wp\/v2\/posts"}],"about":[{"href":"https:\/\/noticiasveracruz.com\/index.php\/wp-json\/wp\/v2\/types\/post"}],"author":[{"embeddable":true,"href":"https:\/\/noticiasveracruz.com\/index.php\/wp-json\/wp\/v2\/users\/4"}],"replies":[{"embeddable":true,"href":"https:\/\/noticiasveracruz.com\/index.php\/wp-json\/wp\/v2\/comments?post=50002"}],"version-history":[{"count":0,"href":"https:\/\/noticiasveracruz.com\/index.php\/wp-json\/wp\/v2\/posts\/50002\/revisions"}],"wp:featuredmedia":[{"embeddable":true,"href":"https:\/\/noticiasveracruz.com\/index.php\/wp-json\/wp\/v2\/media\/50003"}],"wp:attachment":[{"href":"https:\/\/noticiasveracruz.com\/index.php\/wp-json\/wp\/v2\/media?parent=50002"}],"wp:term":[{"taxonomy":"category","embeddable":true,"href":"https:\/\/noticiasveracruz.com\/index.php\/wp-json\/wp\/v2\/categories?post=50002"},{"taxonomy":"post_tag","embeddable":true,"href":"https:\/\/noticiasveracruz.com\/index.php\/wp-json\/wp\/v2\/tags?post=50002"}],"curies":[{"name":"wp","href":"https:\/\/api.w.org\/{rel}","templated":true}]}}