{"id":49996,"date":"2025-02-11T00:05:24","date_gmt":"2025-02-11T06:05:24","guid":{"rendered":"https:\/\/noticiasveracruz.com\/?p=49996"},"modified":"2025-02-10T21:26:16","modified_gmt":"2025-02-11T03:26:16","slug":"participar-en-eleccion-judicial-es-convalidar-autoritarismo-jufed-a-jueces","status":"publish","type":"post","link":"https:\/\/noticiasveracruz.com\/index.php\/2025\/02\/11\/participar-en-eleccion-judicial-es-convalidar-autoritarismo-jufed-a-jueces\/","title":{"rendered":"Participar en elecci\u00f3n judicial es convalidar autoritarismo: Jufed a jueces"},"content":{"rendered":"<p class=\"western\">Participar en las elecciones por cargos judiciales es convalidar el autoritarismo y avalar el golpe de Estado contra el Poder Judicial, advirti\u00f3 la Asociaci\u00f3n Nacional de Magistrados de Circuito y Jueces de Distrito del Poder Judicial de la Federaci\u00f3n (Jufed) en alusi\u00f3n a los miles aspirantes y candidatos a jueces, magistrados y ministros de la Suprema Corte.<\/p>\n<p class=\"western\">\u201cNo nos enga\u00f1emos: participar en este proceso de elecciones judiciales significa convalidar el autoritarismo. Votar en esta elecci\u00f3n es avalar un golpe de Estado contra el Poder Judicial. Y nuestra responsabilidad hist\u00f3rica es mayor que nunca: defender la independencia judicial es defender la democracia misma\u201d, dijo Juana Fuentes Velazquez, directora nacional de Jufed.<\/p>\n<p class=\"western\">En un discurso difundido este lunes, que fue pronunciado el pasado viernes en la Ceremonia de Reconocimiento a las Personas Juzgadoras Jubiladas, Fuentes Velazquez llam\u00f3 tambi\u00e9n a al ala de la resistencia del Poder Judicial de la Federaci\u00f3n (PJF) en contra de la reforma judicial a que no se dejen dividir.<\/p>\n<p class=\"western\">\u201cNo podemos permitir que nos dividan. No podemos caer en la trampa de anteponer intereses individuales sobre el bien com\u00fan. La independencia judicial no se defiende en solitario, se protege con unidad, con cohesi\u00f3n, con la firmeza de un cuerpo judicial que se sabe guardi\u00e1n de la democracia\u201d, expuso.<\/p>\n<p class=\"western\">Llam\u00f3 a no dejar \u201cque la historia nos recuerde como una judicatura que cedi\u00f3 ante la presi\u00f3n y que se dividi\u00f3 porque no supo construir su unidad en colectividad\u201d.<\/p>\n<p class=\"western\">A los jubilados del PJF, les destac\u00f3 el momento trascendental para la historia de la judicatura y para la Rep\u00fablica mexicana, y que \u201cla Rep\u00fablica pierde con su salida. Pierde su conocimiento, su experiencia y su voz, que durante a\u00f1os han sido la \u00faltima barrera contra el abuso del poder\u201d.<\/p>\n","protected":false},"excerpt":{"rendered":"<p>Participar en las elecciones por cargos judiciales es convalidar el autoritarismo y avalar el golpe de Estado contra el Poder<\/p>\n","protected":false},"author":4,"featured_media":49997,"comment_status":"closed","ping_status":"closed","sticky":false,"template":"","format":"standard","meta":{"colormag_page_container_layout":"default_layout","colormag_page_sidebar_layout":"default_layout","_jetpack_memberships_contains_paid_content":false,"footnotes":"","jetpack_publicize_message":"","jetpack_publicize_feature_enabled":true,"jetpack_social_post_already_shared":true,"jetpack_social_options":{"image_generator_settings":{"template":"highway","default_image_id":0,"font":"","enabled":false},"version":2}},"categories":[4],"tags":[],"class_list":["post-49996","post","type-post","status-publish","format-standard","has-post-thumbnail","hentry","category-nacional"],"jetpack_publicize_connections":[],"jetpack_featured_media_url":"https:\/\/noticiasveracruz.com\/wp-content\/uploads\/2025\/02\/SDFNPLOKJ.jpg","jetpack_sharing_enabled":true,"publishpress_future_action":{"enabled":false,"date":"2026-05-08 09:42:56","action":"change-status","newStatus":"draft","terms":[],"taxonomy":"category","extraData":[]},"publishpress_future_workflow_manual_trigger":{"enabledWorkflows":[]},"_links":{"self":[{"href":"https:\/\/noticiasveracruz.com\/index.php\/wp-json\/wp\/v2\/posts\/49996","targetHints":{"allow":["GET"]}}],"collection":[{"href":"https:\/\/noticiasveracruz.com\/index.php\/wp-json\/wp\/v2\/posts"}],"about":[{"href":"https:\/\/noticiasveracruz.com\/index.php\/wp-json\/wp\/v2\/types\/post"}],"author":[{"embeddable":true,"href":"https:\/\/noticiasveracruz.com\/index.php\/wp-json\/wp\/v2\/users\/4"}],"replies":[{"embeddable":true,"href":"https:\/\/noticiasveracruz.com\/index.php\/wp-json\/wp\/v2\/comments?post=49996"}],"version-history":[{"count":0,"href":"https:\/\/noticiasveracruz.com\/index.php\/wp-json\/wp\/v2\/posts\/49996\/revisions"}],"wp:featuredmedia":[{"embeddable":true,"href":"https:\/\/noticiasveracruz.com\/index.php\/wp-json\/wp\/v2\/media\/49997"}],"wp:attachment":[{"href":"https:\/\/noticiasveracruz.com\/index.php\/wp-json\/wp\/v2\/media?parent=49996"}],"wp:term":[{"taxonomy":"category","embeddable":true,"href":"https:\/\/noticiasveracruz.com\/index.php\/wp-json\/wp\/v2\/categories?post=49996"},{"taxonomy":"post_tag","embeddable":true,"href":"https:\/\/noticiasveracruz.com\/index.php\/wp-json\/wp\/v2\/tags?post=49996"}],"curies":[{"name":"wp","href":"https:\/\/api.w.org\/{rel}","templated":true}]}}