{"id":49990,"date":"2025-02-11T00:03:19","date_gmt":"2025-02-11T06:03:19","guid":{"rendered":"https:\/\/noticiasveracruz.com\/?p=49990"},"modified":"2025-02-10T21:15:31","modified_gmt":"2025-02-11T03:15:31","slug":"docentes-toman-la-sev","status":"publish","type":"post","link":"https:\/\/noticiasveracruz.com\/index.php\/2025\/02\/11\/docentes-toman-la-sev\/","title":{"rendered":"Docentes toman la SEV"},"content":{"rendered":"<p>Un grupo de docentes protest\u00f3 y tom\u00f3 las oficinas centrales de la Secretar\u00eda de Educaci\u00f3n de Veracruz (SEV) para exigir transparencia en el proceso para la asignaci\u00f3n de plazas magisteriales.<\/p>\n<p>Los inconformes tomaron la dependencia estatal despu\u00e9s de las siete de la ma\u00f1ana de este lunes 10 de febrero, impidiendo los accesos a las instalaciones, ubicadas sobre la carretera federal Xalapa-Veracruz, a la altura de la colonia Sahop.<\/p>\n<p>Se trata de profesores que participaron en el proceso de admisi\u00f3n 2024-2025, quienes reclamaron espacios laborales definitivos en la entidad veracruzana.<\/p>\n<p>De acuerdo con Sandra L\u00f3pez, uno de los aspirantes a una plaza, es necesario que la dependencia asigne los puestos de trabajo para educaci\u00f3n b\u00e1sica y media superior\u00a0de manera transparente.<\/p>\n<p>La entrevistada indic\u00f3 que no est\u00e1n de acuerdo en que les asignen \u00fanicamente interinatos de tres de meses, pues ellos buscan plazas definitivas.<\/p>\n<p>Adem\u00e1s, consider\u00f3 que son m\u00e1s de mil docentes afectados por esta situaci\u00f3n en las distintas regiones del estado de Veracruz.<\/p>\n<p>\u201cEn este caso no es nuestra inconformidad, m\u00e1s bien es que no hay movimiento, no hay una activaci\u00f3n de plazas. No est\u00e1n haciendo llamados frecuentes de educaci\u00f3n b\u00e1sica y media superior para llamados definitivos. Estamos exigiendo que por favor se haga un recuento de las plazas definitivas y que sean entregadas a la brevedad con n\u00famero de apelaci\u00f3n correcto para que todos los compa\u00f1eros que vinieron a manifestarse sean respetuosos y pacifico para nosotros y que sea respetado nuestro derecho en la convocatoria\u201d, a\u00f1adi\u00f3.<\/p>\n<p>Los docentes viajaron de varios municipios, como el puerto de Veracruz, Chicontepec, Guti\u00e9rrez Zamora y Poza Rica, para manifestarse en la ciudad de Xalapa y hacer visible la problem\u00e1tica.<\/p>\n<p>Tambi\u00e9n pidieron a la SEV que inicien los llamados para dar seguimiento a la convocatoria correspondiente, pues est\u00e1n detenidos desde diciembre pasado.<\/p>\n<p>Los quejosos amagaron con mantener la toma de instalaciones hasta obtener una respuesta favorable por parte de las autoridades educativas.<\/p>\n","protected":false},"excerpt":{"rendered":"<p>Un grupo de docentes protest\u00f3 y tom\u00f3 las oficinas centrales de la Secretar\u00eda de Educaci\u00f3n de Veracruz (SEV) para exigir<\/p>\n","protected":false},"author":4,"featured_media":49991,"comment_status":"closed","ping_status":"closed","sticky":false,"template":"","format":"standard","meta":{"colormag_page_container_layout":"default_layout","colormag_page_sidebar_layout":"default_layout","_jetpack_memberships_contains_paid_content":false,"footnotes":"","jetpack_publicize_message":"","jetpack_publicize_feature_enabled":true,"jetpack_social_post_already_shared":true,"jetpack_social_options":{"image_generator_settings":{"template":"highway","default_image_id":0,"font":"","enabled":false},"version":2}},"categories":[356],"tags":[],"class_list":["post-49990","post","type-post","status-publish","format-standard","has-post-thumbnail","hentry","category-veracruz"],"jetpack_publicize_connections":[],"jetpack_featured_media_url":"https:\/\/noticiasveracruz.com\/wp-content\/uploads\/2025\/02\/10a-1-scaled.jpg","jetpack_sharing_enabled":true,"publishpress_future_action":{"enabled":false,"date":"2026-05-08 09:40:34","action":"change-status","newStatus":"draft","terms":[],"taxonomy":"category","extraData":[]},"publishpress_future_workflow_manual_trigger":{"enabledWorkflows":[]},"_links":{"self":[{"href":"https:\/\/noticiasveracruz.com\/index.php\/wp-json\/wp\/v2\/posts\/49990","targetHints":{"allow":["GET"]}}],"collection":[{"href":"https:\/\/noticiasveracruz.com\/index.php\/wp-json\/wp\/v2\/posts"}],"about":[{"href":"https:\/\/noticiasveracruz.com\/index.php\/wp-json\/wp\/v2\/types\/post"}],"author":[{"embeddable":true,"href":"https:\/\/noticiasveracruz.com\/index.php\/wp-json\/wp\/v2\/users\/4"}],"replies":[{"embeddable":true,"href":"https:\/\/noticiasveracruz.com\/index.php\/wp-json\/wp\/v2\/comments?post=49990"}],"version-history":[{"count":0,"href":"https:\/\/noticiasveracruz.com\/index.php\/wp-json\/wp\/v2\/posts\/49990\/revisions"}],"wp:featuredmedia":[{"embeddable":true,"href":"https:\/\/noticiasveracruz.com\/index.php\/wp-json\/wp\/v2\/media\/49991"}],"wp:attachment":[{"href":"https:\/\/noticiasveracruz.com\/index.php\/wp-json\/wp\/v2\/media?parent=49990"}],"wp:term":[{"taxonomy":"category","embeddable":true,"href":"https:\/\/noticiasveracruz.com\/index.php\/wp-json\/wp\/v2\/categories?post=49990"},{"taxonomy":"post_tag","embeddable":true,"href":"https:\/\/noticiasveracruz.com\/index.php\/wp-json\/wp\/v2\/tags?post=49990"}],"curies":[{"name":"wp","href":"https:\/\/api.w.org\/{rel}","templated":true}]}}