{"id":49984,"date":"2025-02-11T00:01:39","date_gmt":"2025-02-11T06:01:39","guid":{"rendered":"https:\/\/noticiasveracruz.com\/?p=49984"},"modified":"2025-02-10T21:13:06","modified_gmt":"2025-02-11T03:13:06","slug":"construimos-la-paz-no-la-violencia-nahle","status":"publish","type":"post","link":"https:\/\/noticiasveracruz.com\/index.php\/2025\/02\/11\/construimos-la-paz-no-la-violencia-nahle\/","title":{"rendered":"Construimos la paz, no la violencia: Nahle"},"content":{"rendered":"<p>Como parte de la estrategia de pacificaci\u00f3n y seguridad en Veracruz, la gobernadora Roc\u00edo Nahle Garc\u00eda encabez\u00f3 el inicio del programa S\u00ed al Desarme, S\u00ed a la Paz, en coordinaci\u00f3n con la Secretar\u00eda de la Defensa Nacional (Defensa).<\/p>\n<p>En su mensaje, hizo hincapi\u00e9 en la importancia de atender las causas de la violencia, una pol\u00edtica impulsada por la presidenta, Claudia Sheinbaum Pardo, y a la que Veracruz se suma con determinaci\u00f3n, \u201csomos un estado de gente comprometida, trabajadora y honesta; debemos continuar fomentando la imagen positiva\u201d.<\/p>\n<p>Asimismo, destac\u00f3 que cada bala entregada representa una reducci\u00f3n en el riesgo para la sociedad, ya que tener un arma en casa, en el trabajo o en el autom\u00f3vil pone en peligro a las familias, adem\u00e1s, felicit\u00f3 a la Secretar\u00eda por involucrar al alumnado de la escuela primaria Mar\u00eda Enriqueta, contribuyendo as\u00ed a fomentar la paz.<\/p>\n<p>Nahle Garc\u00eda destac\u00f3 que la estrategia de seguridad en Veracruz no solo son operativos y vigilancia, sino tambi\u00e9n en la generaci\u00f3n de oportunidades para la juventud, mediante la creaci\u00f3n de nuevas universidades, el impulso a J\u00f3venes Construyendo el Futuro y la promoci\u00f3n del empleo y la capacitaci\u00f3n.<\/p>\n<p>Por su parte, el comandante del S\u00e9ptimo Batall\u00f3n de Infanter\u00eda en Coatzintla, Israel Abraham Cuadros Rojas, explic\u00f3 que S\u00ed al Desarme, S\u00ed a la Paz es un programa que fomenta el canje voluntario de armas de fuego por art\u00edculos \u00fatiles para el hogar o el trabajo; advirti\u00f3 que la posesi\u00f3n de armas en los hogares representa un riesgo latente, pues su acceso, tanto para adultos como para ni\u00f1os, puede derivar en tragedias irreparables.<\/p>\n<p>La campa\u00f1a se lleva a cabo del 10 al 23 de febrero, de 8:00 a 13:00 horas, de manera simult\u00e1nea en los municipios de Coatzintla, Ozuluama, P\u00e1nuco, Poza Rica, Pueblo Viejo y Tihuatl\u00e1n; en pr\u00f3ximos d\u00edas, Papantla y Tantoyuca se sumar\u00e1n.<\/p>\n<p>Asistieron el comandante de la 19\/a Zona Militar, Jorge Antonio Maldonado Guevara: miembros del Gabinete, autoridades de seguridad y castrenses, alcaldes de Coatzintla, Tihuatl\u00e1n y Tuxpan.<\/p>\n","protected":false},"excerpt":{"rendered":"<p>Como parte de la estrategia de pacificaci\u00f3n y seguridad en Veracruz, la gobernadora Roc\u00edo Nahle Garc\u00eda encabez\u00f3 el inicio del<\/p>\n","protected":false},"author":4,"featured_media":49985,"comment_status":"closed","ping_status":"closed","sticky":false,"template":"","format":"standard","meta":{"colormag_page_container_layout":"default_layout","colormag_page_sidebar_layout":"default_layout","_jetpack_memberships_contains_paid_content":false,"footnotes":"","jetpack_publicize_message":"","jetpack_publicize_feature_enabled":true,"jetpack_social_post_already_shared":true,"jetpack_social_options":{"image_generator_settings":{"template":"highway","default_image_id":0,"font":"","enabled":false},"version":2}},"categories":[356],"tags":[],"class_list":["post-49984","post","type-post","status-publish","format-standard","has-post-thumbnail","hentry","category-veracruz"],"jetpack_publicize_connections":[],"jetpack_featured_media_url":"https:\/\/noticiasveracruz.com\/wp-content\/uploads\/2025\/02\/9a-6-scaled.jpg","jetpack_sharing_enabled":true,"publishpress_future_action":{"enabled":false,"date":"2026-05-08 06:32:17","action":"change-status","newStatus":"draft","terms":[],"taxonomy":"category","extraData":[]},"publishpress_future_workflow_manual_trigger":{"enabledWorkflows":[]},"_links":{"self":[{"href":"https:\/\/noticiasveracruz.com\/index.php\/wp-json\/wp\/v2\/posts\/49984","targetHints":{"allow":["GET"]}}],"collection":[{"href":"https:\/\/noticiasveracruz.com\/index.php\/wp-json\/wp\/v2\/posts"}],"about":[{"href":"https:\/\/noticiasveracruz.com\/index.php\/wp-json\/wp\/v2\/types\/post"}],"author":[{"embeddable":true,"href":"https:\/\/noticiasveracruz.com\/index.php\/wp-json\/wp\/v2\/users\/4"}],"replies":[{"embeddable":true,"href":"https:\/\/noticiasveracruz.com\/index.php\/wp-json\/wp\/v2\/comments?post=49984"}],"version-history":[{"count":0,"href":"https:\/\/noticiasveracruz.com\/index.php\/wp-json\/wp\/v2\/posts\/49984\/revisions"}],"wp:featuredmedia":[{"embeddable":true,"href":"https:\/\/noticiasveracruz.com\/index.php\/wp-json\/wp\/v2\/media\/49985"}],"wp:attachment":[{"href":"https:\/\/noticiasveracruz.com\/index.php\/wp-json\/wp\/v2\/media?parent=49984"}],"wp:term":[{"taxonomy":"category","embeddable":true,"href":"https:\/\/noticiasveracruz.com\/index.php\/wp-json\/wp\/v2\/categories?post=49984"},{"taxonomy":"post_tag","embeddable":true,"href":"https:\/\/noticiasveracruz.com\/index.php\/wp-json\/wp\/v2\/tags?post=49984"}],"curies":[{"name":"wp","href":"https:\/\/api.w.org\/{rel}","templated":true}]}}