{"id":49965,"date":"2025-02-10T01:29:25","date_gmt":"2025-02-10T07:29:25","guid":{"rendered":"https:\/\/noticiasveracruz.com\/?p=49965"},"modified":"2025-02-10T01:29:25","modified_gmt":"2025-02-10T07:29:25","slug":"lealtad-a-la-primera-comandanta","status":"publish","type":"post","link":"https:\/\/noticiasveracruz.com\/index.php\/2025\/02\/10\/lealtad-a-la-primera-comandanta\/","title":{"rendered":"Lealtad a la Primera comandanta"},"content":{"rendered":"<p><span style=\"font-size: 14pt;\"><strong>ALMA GRANDE<\/strong><\/span><\/p>\n<p><span style=\"font-size: 14pt;\"><strong>Por \u00c1ngel \u00c1lvaro Pe\u00f1a<\/strong><\/span><\/p>\n<p><span style=\"font-size: 14pt;\">La marcha de la lealtad es un compromiso que se hace p\u00fablico entre las fuerzas armadas y el gobierno civil desde hace 112 a\u00f1os. Donde se reafirma que la comandancia suprema del ej\u00e9rcito, radica en quien el pueblo elige.<\/span><\/p>\n<p><span style=\"font-size: 14pt;\">Es un pacto que se firm\u00f3 con sangre, y esta vez se reconoce en la mujer la protagonista de la historia en M\u00e9xico. Marchar, significa caminar juntos y al mismo paso por la historia, as\u00ed lo hace la Comandanta Suprema de las Fuerzas Armadas de M\u00e9xico, la presidenta Claudia Sheinbaum Pardo.<\/span><\/p>\n<p><span style=\"font-size: 14pt;\">La primera Marcha de la Lealtad la realiz\u00f3 el entonces presidente Francisco I. Madero el 9 de febrero de 1913, en un trayecto que inici\u00f3 en el Castillo de Chapultepec y concluy\u00f3 en Palacio Nacional, en cuyo interior se fraguaba el golpe de Estado que d\u00edas despu\u00e9s le otorgar\u00eda la presidencia a Victoriano Huerta, con la ayuda del embajador de Estados Unidos, Henry Lane Wilson.<\/span><\/p>\n<p><span style=\"font-size: 14pt;\">Ahora ese pacto contin\u00faa, aunque los peligros son otros y la Naci\u00f3n diferente. Lo que no cambia a trav\u00e9s del tiempo es el sello de lealtad que algunos no quisieran que existiera. M\u00e1s de un opositor en la actualidad desear\u00eda que los soldados se sublevaran y terminaran con el r\u00e9gimen civil, como sucedi\u00f3 hace 112 a\u00f1os. Ahora, la desesperaci\u00f3n por verse en la decadencia con el temor permanente de que nunca regresar\u00e1n al poder, los radicaliza y los hace agresivos.<\/span><\/p>\n<p><span style=\"font-size: 14pt;\">En la ceremonia por el 112 aniversario de La Marcha de la Lealtad, encabezado, por primera vez por una mujer, nuestra Presidenta haciendo honor a la historia y a la verdad, el secretario de la Defensa Nacional, Ricardo Trevilla Trejo advirti\u00f3: \u201cnuestra soberan\u00eda no es negociable\u201d y que, \u201ca\u00fan con recursos modestos\u201d, las Fuerzas Armadas tienen \u201cel temple y la certeza para encarar cualquier amenaza que atente contra el pa\u00eds\u201d.<\/span><\/p>\n<p><span style=\"font-size: 14pt;\">El gobierno de M\u00e9xico no tiene en la oposici\u00f3n un contrincante sino un enemigo que viola las reglas m\u00e1s elementales de la democracia para desgastar, utiliza la guerra sucia y distorsiona la realidad con la complicidad de los medios. Desde 2018, la oposici\u00f3n est\u00e1 en pie de guerra y no hace nada por regresar al camino de la civilidad pol\u00edtica y democr\u00e1tica. Es por eso que esta Marcha de la Lealtad es trascendente para nuestro pa\u00eds porque recobra el protagonismo de las mujeres en las tres Transformaciones anteriores.<\/span><\/p>\n<p><span style=\"font-size: 14pt;\">La Presidenta sabe que la oposici\u00f3n puede aliarse hasta con el diablo si es necesario a cambio del descarrilamiento de un gobierno que cuenta cada d\u00eda por un mayor n\u00famero de habitantes, por eso se\u00f1al\u00f3: \u201cEste es el anhelo que une a las instituciones, a la sociedad, a cada mexicana y mexicano y que impulsa las Fuerzas Armadas a cumplir con determinaci\u00f3n y firmeza nuestra misi\u00f3n m\u00e1s importante, defender la integridad, independencia y soberan\u00eda de la naci\u00f3n, porque estamos conscientes que, como lo ha se\u00f1alado nuestra Comandanta Suprema y es una visi\u00f3n compartida por la sociedad misma, nuestra soberan\u00eda no es negociable\u201d.<\/span><\/p>\n<p><span style=\"font-size: 14pt;\">En respuesta el secretario de la Defensa Nacional se\u00f1al\u00f3, para corroborar el momento: \u201cLa lealtad siempre a la figura presidencial y a las instituciones de la Rep\u00fablica, pero sobre todo lealtad siempre a la naci\u00f3n mexicana misma, libre, \u00edntegra, soberana e independiente\u201d.<\/span><\/p>\n<p><span style=\"font-size: 14pt;\">La lucha por la soberan\u00eda no descansa, a pesar de que la diplomacia mexicana mantiene una din\u00e1mica de respeto absoluto al resto de los pa\u00edses del planeta; sin embargo, no todos esos pa\u00edses coinciden con la buena voluntad de unidad y amenazan, agreden, descalifican.<\/span><\/p>\n<p><span style=\"font-size: 14pt;\">Estados Unidos dej\u00f3 de tener una frontera com\u00fan con M\u00e9xico para convertirla en una trinchera comercial con la amenaza de su presidente que pude llegar a la violencia; Ecuador, cuyo presidente hab\u00eda allanado la embajada el 5 de abril de 2024, se sinti\u00f3 poderoso y con la sugerencia del l\u00edder nacional del PRI, amigo de Daniel Noboa, impuso aranceles al estilo de Trump a los productos mexicanos. Ante estos desacuerdos gratuitos que tienen m\u00e1s de capricho que de raz\u00f3n, surge un ej\u00e9rcito que refrenda la lealtad con su Presidenta.<\/span><\/p>\n<p><span style=\"font-size: 14pt;\">Estos enemigos de M\u00e9xico tienen aliados dentro de nuestro territorio son los opositores, el claro ejemplo de Alejandro Moreno C\u00e1rdenas, habla de los peligros del actual gobierno ante una oposici\u00f3n que no juega limpio, porque prefieren ver la patria mancillada por una invasi\u00f3n antes que darle la raz\u00f3n a un r\u00e9gimen democr\u00e1tico y constitucional.<\/span><\/p>\n<p><span style=\"font-size: 14pt;\">Hace d\u00edas se conmemor\u00f3 el Aniversario de la Firma de la Constituci\u00f3n de 1917, donde qued\u00f3 de manifiesto que la historia deja afuera a los traidores a la patria. As\u00ed, la Presidenta con una aceptaci\u00f3n popular en aumento permanente, obtiene la lealtad que merece, del pueblo, en primer lugar y de las fuerzas armadas como garante infranqueable en la lucha cotidiana por la soberan\u00eda.<\/span><\/p>\n<p><span style=\"font-size: 14pt;\">La presencia de una mujer al frente de un ej\u00e9rcito incluye a las mujeres que en la historia impulsaron y protagonizaron los cambios, desde la Independencia con do\u00f1a Josefa Ortiz de Dom\u00ednguez, hasta Las Adelitas, Carmen Serd\u00e1n, sin olvidar el papel de do\u00f1a Margarita Maza y Leona Vicario.<\/span><\/p>\n<p><span style=\"font-size: 14pt;\">Entre ellas destaca\u00a0Rita Rosaura Cetina Guti\u00e9rrez, cuyo nombre ahora se denomina a una beca para menores que cursen la secundaria y sus familias. Ella, precursora del feminismo, maestra y escritora, fund\u00f3 en 1870 la revista La Siempreviva, que dirigi\u00f3 por m\u00e1s de 7 a\u00f1os, con el apoyo de otras mujeres y en favor de la educaci\u00f3n laica. Fue pionera de la educaci\u00f3n en Yucat\u00e1n y sobre todo del feminismo, impuls\u00f3 la participaci\u00f3n\u00a0de las mujeres para mejorar su vida en la sociedad.<\/span><\/p>\n<p><span style=\"font-size: 14pt;\">Fue quien dio la pauta al despertar feminismo para pugnar por la igualdad de derechos, cre\u00f3 el\u00a0Primer Congreso Feminista de Yucat\u00e1n\u00a0y los siguientes, representaron los primeros espacios en la historia del pa\u00eds para las mujeres, exigiendo derechos como: el voto, la educaci\u00f3n, el control de la fertilidad, el trabajo y el divorcio.<\/span><\/p>\n<p><span style=\"font-size: 14pt;\">Nuestra presidenta recuerda y honra a mujeres de las tres transformaciones anteriores con cuadros de personajes que han impulsado el cambio del pa\u00eds, en una sala dedicada a ellas en Palacio Nacional.<\/span><\/p>\n<p><span style=\"font-size: 14pt;\"><strong>PEGA Y CORRE<\/strong>: Dirijo estas palabras a dos grandes mujeres de este gran hecho hist\u00f3rico llamado Cuarta Transformaci\u00f3n, Claudia Sheinbaum y Roc\u00edo Nahle: La poes\u00eda del veracruzano, Salvador D\u00edaz Mir\u00f3n, anuncia el Tiempo de Mujeres en sus versos entrelaza la historia y la armon\u00eda de las palaras. Es el poeta y la poes\u00eda que surgen del caminar por la historia. Hubo un hombre que en el camino ense\u00f1\u00f3, habl\u00f3 fuerte y tom\u00f3 pozos petroleros y camin\u00f3 por todo el pa\u00eds, sembr\u00f3 los cimientos y encarg\u00f3 los pisos de arriba a dos mujeres que brillaron en la oscuridad de esos d\u00edas, de una historia que no volver\u00e1 a repetirse. Cavaron hondo Claudia y Roc\u00edo para asentar las bases, no fue f\u00e1cil, hubo tormenta de mentiras y alto oleaje de denostaciones, violencia innecesaria desde dentro y fuera de las mismas filas. Guerra sucia desde el lodazal de la competencia electoral. Ser mujer era un problema grave, casi un delito.\u00a0<em>\u201c<\/em><em>Hay plumajes que cruzan el pantano<\/em><em>. y no se manchan&#8230; \u00a1Mi plumaje es de esos!<\/em><em>\u201d<\/em>\u00a0Ellas hacen historia cada d\u00eda a pesar de todos, en momentos inciertos que exigen hero\u00edsmo y dignidad, una presidenta y otra gobernadora, son la poes\u00eda del gran poeta de nuestra historia.<\/span><\/p>\n<p><span style=\"font-size: 14pt;\">Con mis respetos: \u00c1ngel \u00c1lvaro Pe\u00f1a<\/span><\/p>\n<p><img loading=\"lazy\" decoding=\"async\" class=\"alignnone wp-image-49758 size-full\" src=\"http:\/\/noticiasveracruz.com\/wp-content\/uploads\/2025\/02\/FIRMA-EDITORIAL-PD-1.jpg\" alt=\"\" width=\"1024\" height=\"125\" srcset=\"https:\/\/noticiasveracruz.com\/wp-content\/uploads\/2025\/02\/FIRMA-EDITORIAL-PD-1.jpg 1024w, https:\/\/noticiasveracruz.com\/wp-content\/uploads\/2025\/02\/FIRMA-EDITORIAL-PD-1-300x37.jpg 300w, https:\/\/noticiasveracruz.com\/wp-content\/uploads\/2025\/02\/FIRMA-EDITORIAL-PD-1-768x94.jpg 768w\" sizes=\"auto, (max-width: 1024px) 100vw, 1024px\" \/><\/p>\n","protected":false},"excerpt":{"rendered":"<p>ALMA GRANDE Por \u00c1ngel \u00c1lvaro Pe\u00f1a La marcha de la lealtad es un compromiso que se hace p\u00fablico entre las<\/p>\n","protected":false},"author":4,"featured_media":49966,"comment_status":"closed","ping_status":"closed","sticky":false,"template":"","format":"standard","meta":{"colormag_page_container_layout":"default_layout","colormag_page_sidebar_layout":"default_layout","_jetpack_memberships_contains_paid_content":false,"footnotes":"","jetpack_publicize_message":"","jetpack_publicize_feature_enabled":true,"jetpack_social_post_already_shared":true,"jetpack_social_options":{"image_generator_settings":{"template":"highway","default_image_id":0,"font":"","enabled":false},"version":2}},"categories":[6],"tags":[],"class_list":["post-49965","post","type-post","status-publish","format-standard","has-post-thumbnail","hentry","category-columnistas"],"jetpack_publicize_connections":[],"jetpack_featured_media_url":"https:\/\/noticiasveracruz.com\/wp-content\/uploads\/2025\/02\/BANNER-LOPEZ-DORIGA-DIGITAL-1.jpg","jetpack_sharing_enabled":true,"publishpress_future_action":{"enabled":false,"date":"2026-05-08 06:32:08","action":"change-status","newStatus":"draft","terms":[],"taxonomy":"category","extraData":[]},"publishpress_future_workflow_manual_trigger":{"enabledWorkflows":[]},"_links":{"self":[{"href":"https:\/\/noticiasveracruz.com\/index.php\/wp-json\/wp\/v2\/posts\/49965","targetHints":{"allow":["GET"]}}],"collection":[{"href":"https:\/\/noticiasveracruz.com\/index.php\/wp-json\/wp\/v2\/posts"}],"about":[{"href":"https:\/\/noticiasveracruz.com\/index.php\/wp-json\/wp\/v2\/types\/post"}],"author":[{"embeddable":true,"href":"https:\/\/noticiasveracruz.com\/index.php\/wp-json\/wp\/v2\/users\/4"}],"replies":[{"embeddable":true,"href":"https:\/\/noticiasveracruz.com\/index.php\/wp-json\/wp\/v2\/comments?post=49965"}],"version-history":[{"count":0,"href":"https:\/\/noticiasveracruz.com\/index.php\/wp-json\/wp\/v2\/posts\/49965\/revisions"}],"wp:featuredmedia":[{"embeddable":true,"href":"https:\/\/noticiasveracruz.com\/index.php\/wp-json\/wp\/v2\/media\/49966"}],"wp:attachment":[{"href":"https:\/\/noticiasveracruz.com\/index.php\/wp-json\/wp\/v2\/media?parent=49965"}],"wp:term":[{"taxonomy":"category","embeddable":true,"href":"https:\/\/noticiasveracruz.com\/index.php\/wp-json\/wp\/v2\/categories?post=49965"},{"taxonomy":"post_tag","embeddable":true,"href":"https:\/\/noticiasveracruz.com\/index.php\/wp-json\/wp\/v2\/tags?post=49965"}],"curies":[{"name":"wp","href":"https:\/\/api.w.org\/{rel}","templated":true}]}}