{"id":49960,"date":"2025-02-10T01:03:00","date_gmt":"2025-02-10T07:03:00","guid":{"rendered":"https:\/\/noticiasveracruz.com\/?p=49960"},"modified":"2025-02-10T01:03:00","modified_gmt":"2025-02-10T07:03:00","slug":"cazarin-y-la-supervision-sorpresa","status":"publish","type":"post","link":"https:\/\/noticiasveracruz.com\/index.php\/2025\/02\/10\/cazarin-y-la-supervision-sorpresa\/","title":{"rendered":"Cazar\u00edn y la supervisi\u00f3n sorpresa"},"content":{"rendered":"<p><em>\u201cLa confianza en s\u00ed mismo es el requisito para las grandes conquistas.\u201d \u2013 Samuel Johnson.<\/em><\/p>\n<p>&nbsp;<\/p>\n<p>Es evidente que al interior de la Delegaci\u00f3n del Bienestar hay muchos personajes que a\u00fan pretenden meterle la zancadilla al actual titular de la dependencia Juan Javier G\u00f3mez Cazar\u00edn, quien con estricto apego a las directrices que desde la presidencia de la Rep\u00fablica a impreso la titular del Ejecutivo, Claudia Sheinbaum Pardo, ha buscado simplemente brindarle el mejor de las atenciones a los ciudadanos beneficiarios del Programa Federal de 65 y m\u00e1s, tan solo en un programa.<\/p>\n<p>El funcionario federal, es y ha sido un leal militante de Morena, pero sobre todo de las \u00f3rdenes e indicaciones que la misma Gobernadora, Roc\u00edo Nahle Garc\u00eda le ha dictado en su momento, mientras que ahora desde la funci\u00f3n federal trabaja de manera coordinada y siempre en estricto respeto a lo que marca la titular del Ejecutivo Estatal.<\/p>\n<p>Es por ello que lo sucedido el pasado jueves 6 de febrero en el puerto de Veracruz es de llamar la atenci\u00f3n.<\/p>\n<p>Resulta que ese d\u00eda, el delegado federal les cay\u00f3 de sorpresa a los denominados \u201csiervos de la naci\u00f3n\u201d que deben apoyar en las tareas afines a estos programas federales a los beneficiarios del Puerto de Veracruz, solo que con la sorpresa de que al llegar al lugar, solo unos cuantos hab\u00edan asistido en tiempo y forma al sitio donde hab\u00edan sido convidados los beneficiarios de los programas federales, sin que el personal correspondiente diera se\u00f1ales de vida, vamos literal, llegaron a la hora que les dio la gana.<\/p>\n<p>A pesar de ello, el delegado se aperson\u00f3 y con los pocos bur\u00f3cratas responsables, comenz\u00f3 la atenci\u00f3n de estos adultos mayores.<\/p>\n<p>El malestar de los pseudo-funcionarios p\u00fablicos \u2013que no llegaron a tiempo- fue que los hab\u00edan exhibido en transmisi\u00f3n en vivo que el delegado dej\u00f3 como evidencia de que no se encontraban en su lugar de trabajo en el horario que ten\u00edan designado para laborar.<\/p>\n<p>La posici\u00f3n del ex legislador local, resulta correcta porque lo que se est\u00e1 desperdiciando son recursos p\u00fablicos, tiempo que se paga para atender profesionalmente con calidad, calidez y sobre todo honradez a los adultos mayores.<\/p>\n<p>Lo triste del caso es que detr\u00e1s de estos bur\u00f3cratas est\u00e1n los intereses de cierto pol\u00edtico que antecedi\u00f3 en el encargo al propio hueyape\u00f1o, quien pareciera erigirse en el hacedor de la verdad \u00fanica de Morena, cuando versiones hay muchas, realidad solo una y esa qued\u00f3 de manifiesto al no presentarse en el lugar como era debido.<\/p>\n<p>La p\u00e9rdida de posiciones aparentemente del grupo huertista ser\u00eda la causa de estas acciones de rebeld\u00eda por parte de algunos bur\u00f3cratas.<\/p>\n<p>Lo extra\u00f1o del caso es que nadie los est\u00e1 corriendo, sino simplemente ellos est\u00e1n incumpliendo con los horarios laborales, evidenciados por la transmisi\u00f3n en vivo que hiciera G\u00f3mez Cazar\u00edn y no poder justificar su evidente ausencia durante el proceso.<\/p>\n<p>Aqu\u00ed lo que debe suceder es que esos malos bur\u00f3cratas debieran simplemente ser sancionados y de ser necesario despedidos, porque la misma presidenta y la gobernadora han referido que ellas tienen por filosof\u00eda \u201cel venir a servir y no a servirse.\u201d<\/p>\n<p>\u00bfY usted qu\u00e9 opina?<\/p>\n<p>Se valen tardanzas, justificaciones absurdas y dem\u00e1s pretextos que muchos de estos presuntos bur\u00f3cratas pretenden convertir en realidad.<\/p>\n<p>&nbsp;<\/p>\n<p>Sextante<\/p>\n<p>A como trae zopilotes encima la Secretaria de Educaci\u00f3n de Veracruz, Claudia Tello Espinosa que pretenden a como d\u00e9 lugar hacerla presuntamente caer, por la serie de eventos que al interior de la dependencia han venido sucedi\u00e9ndose.<\/p>\n<p>Pero todo eso tiene una l\u00f3gica y una raz\u00f3n de ser, pues despu\u00e9s de seis a\u00f1os, en donde los ex funcionarios se sintieron intocables muchos vicios se ven\u00edan presentando, cuando llegan los nuevos funcionarios a poner orden en las diversas \u00e1reas, todos aquellos que se sent\u00edan protegidos incluso por el ex gobernador Cuitl\u00e1huac Garc\u00eda han comenzado a brincar como chinches en comal.<\/p>\n<p>No se equivoquen, Claudia Tello cuenta con el afecto y respaldo de la titular del Ejecutivo y era de esperarse que los que tra\u00edan un desorden ahora pretendan mantener sus cotos de presunto poder armando falsas versiones de lo que realmente sucede.<\/p>\n<p>La guillotina est\u00e1 lista y seguramente continuar\u00e1n rodando cabezas.<\/p>\n<p>&nbsp;<\/p>\n<p>Al tiempo.<\/p>\n<p><img loading=\"lazy\" decoding=\"async\" class=\"alignnone wp-image-49758 size-full\" src=\"http:\/\/noticiasveracruz.com\/wp-content\/uploads\/2025\/02\/FIRMA-EDITORIAL-PD-1.jpg\" alt=\"\" width=\"1024\" height=\"125\" srcset=\"https:\/\/noticiasveracruz.com\/wp-content\/uploads\/2025\/02\/FIRMA-EDITORIAL-PD-1.jpg 1024w, https:\/\/noticiasveracruz.com\/wp-content\/uploads\/2025\/02\/FIRMA-EDITORIAL-PD-1-300x37.jpg 300w, https:\/\/noticiasveracruz.com\/wp-content\/uploads\/2025\/02\/FIRMA-EDITORIAL-PD-1-768x94.jpg 768w\" sizes=\"auto, (max-width: 1024px) 100vw, 1024px\" \/><\/p>\n","protected":false},"excerpt":{"rendered":"<p>\u201cLa confianza en s\u00ed mismo es el requisito para las grandes conquistas.\u201d \u2013 Samuel Johnson. &nbsp; Es evidente que al<\/p>\n","protected":false},"author":4,"featured_media":30989,"comment_status":"closed","ping_status":"closed","sticky":false,"template":"","format":"standard","meta":{"colormag_page_container_layout":"default_layout","colormag_page_sidebar_layout":"default_layout","_jetpack_memberships_contains_paid_content":false,"footnotes":"","jetpack_publicize_message":"","jetpack_publicize_feature_enabled":true,"jetpack_social_post_already_shared":true,"jetpack_social_options":{"image_generator_settings":{"template":"highway","default_image_id":0,"font":"","enabled":false},"version":2}},"categories":[6],"tags":[],"class_list":["post-49960","post","type-post","status-publish","format-standard","has-post-thumbnail","hentry","category-columnistas"],"jetpack_publicize_connections":[],"jetpack_featured_media_url":"https:\/\/noticiasveracruz.com\/wp-content\/uploads\/2024\/05\/LUIS-RAMIREZ-BAQUEIRO-800x445-1.png","jetpack_sharing_enabled":true,"publishpress_future_action":{"enabled":false,"date":"2026-05-08 08:53:29","action":"change-status","newStatus":"draft","terms":[],"taxonomy":"category","extraData":[]},"publishpress_future_workflow_manual_trigger":{"enabledWorkflows":[]},"_links":{"self":[{"href":"https:\/\/noticiasveracruz.com\/index.php\/wp-json\/wp\/v2\/posts\/49960","targetHints":{"allow":["GET"]}}],"collection":[{"href":"https:\/\/noticiasveracruz.com\/index.php\/wp-json\/wp\/v2\/posts"}],"about":[{"href":"https:\/\/noticiasveracruz.com\/index.php\/wp-json\/wp\/v2\/types\/post"}],"author":[{"embeddable":true,"href":"https:\/\/noticiasveracruz.com\/index.php\/wp-json\/wp\/v2\/users\/4"}],"replies":[{"embeddable":true,"href":"https:\/\/noticiasveracruz.com\/index.php\/wp-json\/wp\/v2\/comments?post=49960"}],"version-history":[{"count":0,"href":"https:\/\/noticiasveracruz.com\/index.php\/wp-json\/wp\/v2\/posts\/49960\/revisions"}],"wp:featuredmedia":[{"embeddable":true,"href":"https:\/\/noticiasveracruz.com\/index.php\/wp-json\/wp\/v2\/media\/30989"}],"wp:attachment":[{"href":"https:\/\/noticiasveracruz.com\/index.php\/wp-json\/wp\/v2\/media?parent=49960"}],"wp:term":[{"taxonomy":"category","embeddable":true,"href":"https:\/\/noticiasveracruz.com\/index.php\/wp-json\/wp\/v2\/categories?post=49960"},{"taxonomy":"post_tag","embeddable":true,"href":"https:\/\/noticiasveracruz.com\/index.php\/wp-json\/wp\/v2\/tags?post=49960"}],"curies":[{"name":"wp","href":"https:\/\/api.w.org\/{rel}","templated":true}]}}