{"id":49942,"date":"2025-02-10T00:43:16","date_gmt":"2025-02-10T06:43:16","guid":{"rendered":"https:\/\/noticiasveracruz.com\/?p=49942"},"modified":"2025-02-10T00:43:16","modified_gmt":"2025-02-10T06:43:16","slug":"firma-trump-orden-ejecutiva-para-declarar-dia-del-golfo-de-america","status":"publish","type":"post","link":"https:\/\/noticiasveracruz.com\/index.php\/2025\/02\/10\/firma-trump-orden-ejecutiva-para-declarar-dia-del-golfo-de-america\/","title":{"rendered":"Firma Trump orden ejecutiva para declarar d\u00eda del &#8216;Golfo de Am\u00e9rica&#8217;"},"content":{"rendered":"<p>El presidente de Estados Unidos, Donald Trump, firm\u00f3 una orden ejecutiva para proclamar el 9 de febrero como el \u00abD\u00eda del Golfo de Am\u00e9rica\u00bb, durante su vuelo hacia Nueva Orleans, para presenciar el Supertaz\u00f3n.<\/p>\n<p>\u201cEstamos sobrevolando el lugar en este momento\u201d, dijo Trump a los periodistas que lo acompa\u00f1aron a bordo del Air Force One, en referencia a que la ciudad que alojar\u00e1 el juego entre los Jefes de Kansas City y las \u00c1guilas de Filadelfia se encuentra en el Golfo de M\u00e9xico que busca renombrar.<\/p>\n<p>Minutos m\u00e1s tarde, la Casa Blanca\u00a0justific\u00f3\u00a0&#8216;El d\u00eda del Golfo de Am\u00e9rica&#8217; con base en la Orden Ejecutiva 1472 correspondiente a la \u00abRestauraci\u00f3n de nombres que honran la grandeza estadunidense\u00bb, firmada por Trump el 20 de enero pasado.<\/p>\n<p>En dicho documento se instruye al secretario del interior estadunidense a tomar todas las medidas para renombrar dicha zona geogr\u00e1fica.<\/p>\n<p>Precisa que dicho cambio abarcar\u00e1 la Plataforma Continental de Estados Unidos -limitada al noreste, norte y noroeste por Texas, Luisiana, Misisipi, Alabama y Florida- y se extender\u00e1 hasta el l\u00edmite mar\u00edtimo con M\u00e9xico y Cuba.<\/p>\n<p>&nbsp;<\/p>\n","protected":false},"excerpt":{"rendered":"<p>El presidente de Estados Unidos, Donald Trump, firm\u00f3 una orden ejecutiva para proclamar el 9 de febrero como el \u00abD\u00eda<\/p>\n","protected":false},"author":4,"featured_media":49943,"comment_status":"closed","ping_status":"closed","sticky":false,"template":"","format":"standard","meta":{"colormag_page_container_layout":"default_layout","colormag_page_sidebar_layout":"default_layout","_jetpack_memberships_contains_paid_content":false,"footnotes":"","jetpack_publicize_message":"","jetpack_publicize_feature_enabled":true,"jetpack_social_post_already_shared":true,"jetpack_social_options":{"image_generator_settings":{"template":"highway","default_image_id":0,"font":"","enabled":false},"version":2}},"categories":[355],"tags":[],"class_list":["post-49942","post","type-post","status-publish","format-standard","has-post-thumbnail","hentry","category-internacional"],"jetpack_publicize_connections":[],"jetpack_featured_media_url":"https:\/\/noticiasveracruz.com\/wp-content\/uploads\/2025\/02\/FB_IMG_1739142360810.jpg","jetpack_sharing_enabled":true,"publishpress_future_action":{"enabled":false,"date":"2026-05-10 06:46:25","action":"change-status","newStatus":"draft","terms":[],"taxonomy":"category","extraData":[]},"publishpress_future_workflow_manual_trigger":{"enabledWorkflows":[]},"_links":{"self":[{"href":"https:\/\/noticiasveracruz.com\/index.php\/wp-json\/wp\/v2\/posts\/49942","targetHints":{"allow":["GET"]}}],"collection":[{"href":"https:\/\/noticiasveracruz.com\/index.php\/wp-json\/wp\/v2\/posts"}],"about":[{"href":"https:\/\/noticiasveracruz.com\/index.php\/wp-json\/wp\/v2\/types\/post"}],"author":[{"embeddable":true,"href":"https:\/\/noticiasveracruz.com\/index.php\/wp-json\/wp\/v2\/users\/4"}],"replies":[{"embeddable":true,"href":"https:\/\/noticiasveracruz.com\/index.php\/wp-json\/wp\/v2\/comments?post=49942"}],"version-history":[{"count":0,"href":"https:\/\/noticiasveracruz.com\/index.php\/wp-json\/wp\/v2\/posts\/49942\/revisions"}],"wp:featuredmedia":[{"embeddable":true,"href":"https:\/\/noticiasveracruz.com\/index.php\/wp-json\/wp\/v2\/media\/49943"}],"wp:attachment":[{"href":"https:\/\/noticiasveracruz.com\/index.php\/wp-json\/wp\/v2\/media?parent=49942"}],"wp:term":[{"taxonomy":"category","embeddable":true,"href":"https:\/\/noticiasveracruz.com\/index.php\/wp-json\/wp\/v2\/categories?post=49942"},{"taxonomy":"post_tag","embeddable":true,"href":"https:\/\/noticiasveracruz.com\/index.php\/wp-json\/wp\/v2\/tags?post=49942"}],"curies":[{"name":"wp","href":"https:\/\/api.w.org\/{rel}","templated":true}]}}