{"id":49871,"date":"2025-02-09T00:16:11","date_gmt":"2025-02-09T06:16:11","guid":{"rendered":"https:\/\/noticiasveracruz.com\/?p=49871"},"modified":"2025-02-08T23:56:56","modified_gmt":"2025-02-09T05:56:56","slug":"ordena-profepa-subsanar-malas-condiciones-en-zoologico-de-queretaro","status":"publish","type":"post","link":"https:\/\/noticiasveracruz.com\/index.php\/2025\/02\/09\/ordena-profepa-subsanar-malas-condiciones-en-zoologico-de-queretaro\/","title":{"rendered":"Ordena Profepa subsanar malas condiciones en zool\u00f3gico de Quer\u00e9taro"},"content":{"rendered":"<p>Inspectores de la Procuradur\u00eda Federal de Protecci\u00f3n al Ambiente (Profepa) de la delegaci\u00f3n de Quer\u00e9taro dictaron medidas correctivas de urgente aplicaci\u00f3n para mejorar el cautiverio de los ejemplares de vida silvestre del zool\u00f3gico Wameru, de iniciativa privada, en la carretera Bernal-Cadereyta en el municipio de El Marqu\u00e9s.<\/p>\n<p>Tras la difusi\u00f3n en redes sociales de fotos de animales en condiciones deplorables, la Profepa realiz\u00f3 una inspecci\u00f3n del lugar del 5 al 7 de febrero, en la que se detect\u00f3 que las condiciones no eran adecuadas.<\/p>\n<p>Los investigadores encontraron que en el apartado de los camellos se encuentra una hembra amamantando a su cr\u00eda, la cual luce muy delgada, por lo que se solicit\u00f3 separarla para que no haya competencia por el alimento con otros ejemplares. La instituci\u00f3n tambi\u00e9n pidi\u00f3 desparasitarla y vitaminarla para que su recuperaci\u00f3n sea m\u00e1s r\u00e1pida.<\/p>\n<p>En el caso de los hipop\u00f3tamos, se orden\u00f3 una limpieza inmediata del agua de la alberca, misma que ya comenz\u00f3 a realizarse de manera manual con personal del zool\u00f3gico.<\/p>\n<p>Se verific\u00f3 la alimentaci\u00f3n y estado f\u00edsico de los ejemplares y, de acuerdo a la Profepa, se encuentran en buen estado, pero se recomend\u00f3 dar la raci\u00f3n adecuada de alimento, ya que los residuos de comida se acumulan en el estanque. O, bien, limpiar diariamente los sobrantes.<\/p>\n<p>Por otra parte, el agua del espacio donde est\u00e1n los flamingos estaba verdosa y escasa. Ante esto, se orden\u00f3 a los administradores recuperar el l\u00edquido evaporado de la isla de los flamingos, pues ellos se alimentan tambi\u00e9n de los crust\u00e1ceos que se generan en ese h\u00e1bitat.<\/p>\n<p>Tambi\u00e9n se encontr\u00f3 un mono capuchino que sufri\u00f3 una herida en una mano y actualmente est\u00e1 en proceso de recuperaci\u00f3n.<\/p>\n<p>Asimismo, la empresa proporcion\u00f3 informaci\u00f3n sobre nacimientos y muertes, entre otros datos. Durante estos d\u00edas se dio prioridad a constatar el trato digno a los ejemplares; no obstante, se continuar\u00e1 con la visita el pr\u00f3ximo lunes.<\/p>\n<p>Con la documentaci\u00f3n que se re\u00fana, la Profepa verificar\u00e1 si existe o no una apropiaci\u00f3n legal de los ejemplares con los que actualmente cuenta el parque y que haya congruencia entre lo manifestado en su plan de manejo y las bajas reportadas.<\/p>\n<p>Como medidas a mediano plazo, la Profepa solicit\u00f3 a los encargados del lugar llevar a cabo una limpieza continua de maleza de los albergues, mejorar los sombreaderos y dar mantenimiento a las \u00e1reas verdes.<\/p>\n<p>En caso de que el zool\u00f3gico Wameru no acate estas medidas en los plazos establecidos, la Profepa advirti\u00f3 que se proceder\u00e1 a dictar las medidas de seguridad y sanciones correspondientes, entre las que se incluyen aseguramientos precautorios, clausuras temporales, multas y decomisos.<\/p>\n<p>Por su parte, el gobernador de Quer\u00e9taro, Mauricio Kuri Gonz\u00e1lez, inform\u00f3 ayer que se rescatar\u00e1 el Wamer\u00fa, por lo que ya se instruy\u00f3 a la Procuradur\u00eda Estatal del Medio Ambiente Quer\u00e9taro. Asimismo, dijo que la pr\u00f3xima semana se dar\u00e1 un importante anunci\u00f3 al respecto.<\/p>\n","protected":false},"excerpt":{"rendered":"<p>Inspectores de la Procuradur\u00eda Federal de Protecci\u00f3n al Ambiente (Profepa) de la delegaci\u00f3n de Quer\u00e9taro dictaron medidas correctivas de urgente<\/p>\n","protected":false},"author":4,"featured_media":49872,"comment_status":"closed","ping_status":"closed","sticky":false,"template":"","format":"standard","meta":{"colormag_page_container_layout":"default_layout","colormag_page_sidebar_layout":"default_layout","_jetpack_memberships_contains_paid_content":false,"footnotes":"","jetpack_publicize_message":"","jetpack_publicize_feature_enabled":true,"jetpack_social_post_already_shared":true,"jetpack_social_options":{"image_generator_settings":{"template":"highway","default_image_id":0,"font":"","enabled":false},"version":2}},"categories":[145],"tags":[],"class_list":["post-49871","post","type-post","status-publish","format-standard","has-post-thumbnail","hentry","category-estados"],"jetpack_publicize_connections":[],"jetpack_featured_media_url":"https:\/\/noticiasveracruz.com\/wp-content\/uploads\/2025\/02\/ZOO.jpg","jetpack_sharing_enabled":true,"publishpress_future_action":{"enabled":false,"date":"2026-05-10 10:06:26","action":"change-status","newStatus":"draft","terms":[],"taxonomy":"category","extraData":[]},"publishpress_future_workflow_manual_trigger":{"enabledWorkflows":[]},"_links":{"self":[{"href":"https:\/\/noticiasveracruz.com\/index.php\/wp-json\/wp\/v2\/posts\/49871","targetHints":{"allow":["GET"]}}],"collection":[{"href":"https:\/\/noticiasveracruz.com\/index.php\/wp-json\/wp\/v2\/posts"}],"about":[{"href":"https:\/\/noticiasveracruz.com\/index.php\/wp-json\/wp\/v2\/types\/post"}],"author":[{"embeddable":true,"href":"https:\/\/noticiasveracruz.com\/index.php\/wp-json\/wp\/v2\/users\/4"}],"replies":[{"embeddable":true,"href":"https:\/\/noticiasveracruz.com\/index.php\/wp-json\/wp\/v2\/comments?post=49871"}],"version-history":[{"count":0,"href":"https:\/\/noticiasveracruz.com\/index.php\/wp-json\/wp\/v2\/posts\/49871\/revisions"}],"wp:featuredmedia":[{"embeddable":true,"href":"https:\/\/noticiasveracruz.com\/index.php\/wp-json\/wp\/v2\/media\/49872"}],"wp:attachment":[{"href":"https:\/\/noticiasveracruz.com\/index.php\/wp-json\/wp\/v2\/media?parent=49871"}],"wp:term":[{"taxonomy":"category","embeddable":true,"href":"https:\/\/noticiasveracruz.com\/index.php\/wp-json\/wp\/v2\/categories?post=49871"},{"taxonomy":"post_tag","embeddable":true,"href":"https:\/\/noticiasveracruz.com\/index.php\/wp-json\/wp\/v2\/tags?post=49871"}],"curies":[{"name":"wp","href":"https:\/\/api.w.org\/{rel}","templated":true}]}}