{"id":49865,"date":"2025-02-09T00:14:27","date_gmt":"2025-02-09T06:14:27","guid":{"rendered":"https:\/\/noticiasveracruz.com\/?p=49865"},"modified":"2025-02-08T23:53:07","modified_gmt":"2025-02-09T05:53:07","slug":"10-familias-de-guanajuato-perdieron-casas-y-negocios-en-incendios-de-los-angeles","status":"publish","type":"post","link":"https:\/\/noticiasveracruz.com\/index.php\/2025\/02\/09\/10-familias-de-guanajuato-perdieron-casas-y-negocios-en-incendios-de-los-angeles\/","title":{"rendered":"10 familias de Guanajuato perdieron casas y negocios en incendios de Los \u00c1ngeles"},"content":{"rendered":"<p>Diez familias de guanajuatenses perdieron sus casas y negocios derivado de los incendios registrados en Los \u00c1ngeles, California; y meses antes las empresas aseguradoras cancelaron de manera unilateral los seguros, inform\u00f3 el secretario de Gobierno, Jorge Jim\u00e9nez Lona, despu\u00e9s de una gira de trabajo con migrantes en Estados Unidos.<\/p>\n<p>\u201cHay 10 afectados de Guanajuato, ya revisado, al principio ten\u00edamos dos, ya revisado con el consulado. (Hay) p\u00e9rdidas totales, no qued\u00f3 nada de sus casas y negocios\u201d, coment\u00f3 el funcionario.<\/p>\n<p>Por lo pronto, el Consulado de M\u00e9xico los va a estar apoyando, se buscar\u00e1 un apoyo econ\u00f3mico y solicitaron al Estado de Guanajuato analizar de qu\u00e9 manera los pueden respaldar, coment\u00f3.<\/p>\n<p>\u00bfEl Estado de Guanajuato los respaldar\u00e1 econ\u00f3micamente?<\/p>\n<p>&#8211; Es lo que vamos a revisar apenas; ni siquiera lo he comentado con la gobernadora. Lo que s\u00ed nos dec\u00edan es que son 10 familias guanajuatenses.<\/p>\n<p>\u201cHay temas que se van a llevar por la v\u00eda legal porque algunas aseguradoras, de manera arbitraria, cancelaron los seguros, las coberturas. El consulado va a estar apoyando, y ahorita lo importante es c\u00f3mo regresarles su fuente de empleo\u201d, manifest\u00f3 Jim\u00e9nez Lona.<\/p>\n<p>Adem\u00e1s, las familias tienen miedo cuando ven las patrullas fronterizas en lugares a los que habitualmente no iban, mencion\u00f3.<\/p>\n<p>Agreg\u00f3 que en este momento ya empezaron con los trabajos de limpieza y van a comenzar con la reconstrucci\u00f3n.<\/p>\n<p>\u201cTambi\u00e9n est\u00e1n conscientes de que no hay redadas, que son actos ya muy dirigidos con gente que tal vez ten\u00eda orden de aprehensi\u00f3n, que ten\u00edan cuestiones penales con el gobierno federal de Estados Unidos; son a ellos con quienes est\u00e1n haciendo estas deportaciones\u201d, explic\u00f3.<\/p>\n<p>Por su parte, la gobernadora, Libia Garc\u00eda Mu\u00f1oz Ledo, inform\u00f3 que no han detectado deportaciones masivas de guanajuatenses a ra\u00edz de las pol\u00edticas migratorias de Donald Trump.<\/p>\n<p>\u201cDe acuerdo a las cifras que me comparten, no tenemos una incidencia real, hay retornos normales como se vienen dando en el flujo migratorio, pero hasta este momento no hemos detectado una incidencia mayor\u201d, coment\u00f3.<\/p>\n<p>Hay un aumento de asistencia jur\u00eddica, a trav\u00e9s de los consulados y las casas Guanajuato, que son un punto de encuentro para canalizar a los guanajuatenses, mencion\u00f3.<\/p>\n<p>\u201cEntonces, est\u00e1n haciendo varias consultas jur\u00eddicas sobre bienes y propiedades y acompa\u00f1\u00e1ndolos en todo momento. Estamos desplegando un plan en la asesor\u00eda que se est\u00e1 dando all\u00e1 y el acompa\u00f1amiento en Estados Unidos, en 11 puntos migratorios y, por supuesto, atentos al posible retorno que pueda haber con las deportaciones\u201d, declar\u00f3.<\/p>\n","protected":false},"excerpt":{"rendered":"<p>Diez familias de guanajuatenses perdieron sus casas y negocios derivado de los incendios registrados en Los \u00c1ngeles, California; y meses<\/p>\n","protected":false},"author":4,"featured_media":49866,"comment_status":"closed","ping_status":"closed","sticky":false,"template":"","format":"standard","meta":{"colormag_page_container_layout":"default_layout","colormag_page_sidebar_layout":"default_layout","_jetpack_memberships_contains_paid_content":false,"footnotes":"","jetpack_publicize_message":"","jetpack_publicize_feature_enabled":true,"jetpack_social_post_already_shared":true,"jetpack_social_options":{"image_generator_settings":{"template":"highway","default_image_id":0,"font":"","enabled":false},"version":2}},"categories":[145],"tags":[],"class_list":["post-49865","post","type-post","status-publish","format-standard","has-post-thumbnail","hentry","category-estados"],"jetpack_publicize_connections":[],"jetpack_featured_media_url":"https:\/\/noticiasveracruz.com\/wp-content\/uploads\/2025\/02\/SFRKOL.jpg","jetpack_sharing_enabled":true,"publishpress_future_action":{"enabled":false,"date":"2026-05-10 07:12:30","action":"change-status","newStatus":"draft","terms":[],"taxonomy":"category","extraData":[]},"publishpress_future_workflow_manual_trigger":{"enabledWorkflows":[]},"_links":{"self":[{"href":"https:\/\/noticiasveracruz.com\/index.php\/wp-json\/wp\/v2\/posts\/49865","targetHints":{"allow":["GET"]}}],"collection":[{"href":"https:\/\/noticiasveracruz.com\/index.php\/wp-json\/wp\/v2\/posts"}],"about":[{"href":"https:\/\/noticiasveracruz.com\/index.php\/wp-json\/wp\/v2\/types\/post"}],"author":[{"embeddable":true,"href":"https:\/\/noticiasveracruz.com\/index.php\/wp-json\/wp\/v2\/users\/4"}],"replies":[{"embeddable":true,"href":"https:\/\/noticiasveracruz.com\/index.php\/wp-json\/wp\/v2\/comments?post=49865"}],"version-history":[{"count":0,"href":"https:\/\/noticiasveracruz.com\/index.php\/wp-json\/wp\/v2\/posts\/49865\/revisions"}],"wp:featuredmedia":[{"embeddable":true,"href":"https:\/\/noticiasveracruz.com\/index.php\/wp-json\/wp\/v2\/media\/49866"}],"wp:attachment":[{"href":"https:\/\/noticiasveracruz.com\/index.php\/wp-json\/wp\/v2\/media?parent=49865"}],"wp:term":[{"taxonomy":"category","embeddable":true,"href":"https:\/\/noticiasveracruz.com\/index.php\/wp-json\/wp\/v2\/categories?post=49865"},{"taxonomy":"post_tag","embeddable":true,"href":"https:\/\/noticiasveracruz.com\/index.php\/wp-json\/wp\/v2\/tags?post=49865"}],"curies":[{"name":"wp","href":"https:\/\/api.w.org\/{rel}","templated":true}]}}