{"id":49862,"date":"2025-02-09T00:13:22","date_gmt":"2025-02-09T06:13:22","guid":{"rendered":"https:\/\/noticiasveracruz.com\/?p=49862"},"modified":"2025-02-08T23:51:09","modified_gmt":"2025-02-09T05:51:09","slug":"niega-gobernadora-de-morelos-relacion-entre-cese-de-fiscal-y-desafuero-de-blanco","status":"publish","type":"post","link":"https:\/\/noticiasveracruz.com\/index.php\/2025\/02\/09\/niega-gobernadora-de-morelos-relacion-entre-cese-de-fiscal-y-desafuero-de-blanco\/","title":{"rendered":"Niega gobernadora de Morelos relaci\u00f3n entre cese de fiscal y desafuero de Blanco"},"content":{"rendered":"<div class=\"col col1\">\n<p class=\"s-s\">La gobernadora de Morelos, la morenista Margarita Gonz\u00e1lez Saravia, se\u00f1al\u00f3 que la destituci\u00f3n de Uriel Carmona G\u00e1ndara como fiscal estatal, la cual se concret\u00f3 el jueves, fue una de las promesas que hizo a la ciudadan\u00eda en el pasado proceso electoral y asegur\u00f3 que la decisi\u00f3n no tuvo nada que ver con la solicitud de proceso de desafuero que el ex funcionario present\u00f3 el mismo d\u00eda en la C\u00e1mara de Diputados contra el ex gobernador y diputado federal de Morena Cuauht\u00e9moc Blanco Bravo.<\/p>\n<p>La mandataria consider\u00f3 que tal vez Carmona\u00a0<q>se sinti\u00f3 atrapado<\/q>\u00a0cuando se enter\u00f3 de que ya se contaba con la mayor\u00eda de votos en el Congreso local para removerlo de su puesto y \u201ceso fue un salvavidas que trat\u00f3 de usar \u00e9l, una forma de presionar, es muy su estilo tambi\u00e9n.<\/p>\n<p><q>Porque esta denuncia la ten\u00eda \u00e9l desde 2023, por lo que su obligaci\u00f3n era haberlo hecho desde entonces, y siempre la us\u00f3 como una forma de chantaje; creo que fue un acto desesperado de su parte, en lugar de un acto de justicia<\/q>. Recalc\u00f3 que ya era importante tener una fiscal\u00eda que actuara de manera coordinada con el gobierno del estado y las fuerzas de seguridad, debido a que una de las demandas principales en la entidad es mayor seguridad p\u00fablica.<\/p>\n<p><q>Y en ese sentido Uriel Carmona hab\u00eda tenido un desgaste muy importante por las denuncias que enfrentaba a nivel federal; era imposible sostener un fiscal que estuviera yendo a firmar en sus procesos, no es una buena imagen para el estado; y en ese sentido decidimos proponerle al Congreso (la separaci\u00f3n del cargo)<\/q>, se\u00f1al\u00f3.<\/p>\n<\/div>\n<div class=\"col col2\">\n<p>En conferencia la ma\u00f1ana de ayer en Cuernavaca, Gonz\u00e1lez Saravia se pronunci\u00f3 contra la impunidad en Morelos, y por la continuaci\u00f3n de los procesos\u00a0<q>que se tengan que seguir<\/q>\u00a0por parte de los \u00f3rganos de justicia contra el ex fiscal y el ex gobernador.<\/p>\n<p>Interrogada sobre si hab\u00eda hablado de la solicitud de destituci\u00f3n de Carmona con la presidenta Claudia Sheinbaum, la gobernadora respondi\u00f3 que no han tenido contacto directo, a pesar de que coincidieron el mi\u00e9rcoles en la conmemoraci\u00f3n del 108 aniversario de la Constituci\u00f3n en Quer\u00e9taro, y explic\u00f3 que los 16 sufragios a favor (de un total de 20 diputados) se alcanzaron mediante el di\u00e1logo.<\/p>\n<p><q>Ten\u00edamos solamente nuestros 12 votos (10 de Morena, uno del Partido Verde Ecologista de M\u00e9xico y otro de Nueva Alianza), y se requer\u00eda mayor\u00eda calificada, por lo que hicimos un trabajo de convencimiento a nivel federal, yo estuve dos ocasiones con la dirigencia nacional del Partido del Trabajo, se les explic\u00f3 los problemas que nos ocasionaba tener un fiscal en estas circunstancias y lo entendieron<\/q>, relat\u00f3.<\/p>\n<p>\u201cPero, adem\u00e1s, tuvimos otros dos votos, que yo agradezco enormemente, a la diputada (Eleonor Mart\u00ednez), que ella fue muy clara: \u2018este no es un voto del PRI, es personal, porque estoy convencida de la necesidad de ayudar el estado\u2019, y lo mismo el diputado (panista) Francisco S\u00e1nchez, que, si bien forma parte del bloque opositor a la mayor\u00eda del Congreso, estuvo muy consciente de la necesidad de transitar\u201d, agreg\u00f3.<\/p>\n<\/div>\n","protected":false},"excerpt":{"rendered":"<p>La gobernadora de Morelos, la morenista Margarita Gonz\u00e1lez Saravia, se\u00f1al\u00f3 que la destituci\u00f3n de Uriel Carmona G\u00e1ndara como fiscal estatal,<\/p>\n","protected":false},"author":4,"featured_media":49863,"comment_status":"closed","ping_status":"closed","sticky":false,"template":"","format":"standard","meta":{"colormag_page_container_layout":"default_layout","colormag_page_sidebar_layout":"default_layout","_jetpack_memberships_contains_paid_content":false,"footnotes":"","jetpack_publicize_message":"","jetpack_publicize_feature_enabled":true,"jetpack_social_post_already_shared":true,"jetpack_social_options":{"image_generator_settings":{"template":"highway","default_image_id":0,"font":"","enabled":false},"version":2}},"categories":[145],"tags":[],"class_list":["post-49862","post","type-post","status-publish","format-standard","has-post-thumbnail","hentry","category-estados"],"jetpack_publicize_connections":[],"jetpack_featured_media_url":"https:\/\/noticiasveracruz.com\/wp-content\/uploads\/2025\/02\/MOR.jpg","jetpack_sharing_enabled":true,"publishpress_future_action":{"enabled":false,"date":"2026-05-10 06:05:39","action":"change-status","newStatus":"draft","terms":[],"taxonomy":"category","extraData":[]},"publishpress_future_workflow_manual_trigger":{"enabledWorkflows":[]},"_links":{"self":[{"href":"https:\/\/noticiasveracruz.com\/index.php\/wp-json\/wp\/v2\/posts\/49862","targetHints":{"allow":["GET"]}}],"collection":[{"href":"https:\/\/noticiasveracruz.com\/index.php\/wp-json\/wp\/v2\/posts"}],"about":[{"href":"https:\/\/noticiasveracruz.com\/index.php\/wp-json\/wp\/v2\/types\/post"}],"author":[{"embeddable":true,"href":"https:\/\/noticiasveracruz.com\/index.php\/wp-json\/wp\/v2\/users\/4"}],"replies":[{"embeddable":true,"href":"https:\/\/noticiasveracruz.com\/index.php\/wp-json\/wp\/v2\/comments?post=49862"}],"version-history":[{"count":0,"href":"https:\/\/noticiasveracruz.com\/index.php\/wp-json\/wp\/v2\/posts\/49862\/revisions"}],"wp:featuredmedia":[{"embeddable":true,"href":"https:\/\/noticiasveracruz.com\/index.php\/wp-json\/wp\/v2\/media\/49863"}],"wp:attachment":[{"href":"https:\/\/noticiasveracruz.com\/index.php\/wp-json\/wp\/v2\/media?parent=49862"}],"wp:term":[{"taxonomy":"category","embeddable":true,"href":"https:\/\/noticiasveracruz.com\/index.php\/wp-json\/wp\/v2\/categories?post=49862"},{"taxonomy":"post_tag","embeddable":true,"href":"https:\/\/noticiasveracruz.com\/index.php\/wp-json\/wp\/v2\/tags?post=49862"}],"curies":[{"name":"wp","href":"https:\/\/api.w.org\/{rel}","templated":true}]}}