{"id":49859,"date":"2025-02-09T00:12:23","date_gmt":"2025-02-09T06:12:23","guid":{"rendered":"https:\/\/noticiasveracruz.com\/?p=49859"},"modified":"2025-02-08T23:43:09","modified_gmt":"2025-02-09T05:43:09","slug":"paises-balticos-cortan-lazos-con-red-electrica-rusa","status":"publish","type":"post","link":"https:\/\/noticiasveracruz.com\/index.php\/2025\/02\/09\/paises-balticos-cortan-lazos-con-red-electrica-rusa\/","title":{"rendered":"Pa\u00edses b\u00e1lticos cortan lazos con red el\u00e9ctrica rusa"},"content":{"rendered":"<p>Los tres pa\u00edses b\u00e1lticos desconectaron el s\u00e1bado sus sistemas el\u00e9ctricos de la red rusa, informaron los operadores de la regi\u00f3n, como parte de un plan dise\u00f1ado para integrar m\u00e1s estrechamente a los pa\u00edses con la Uni\u00f3n Europea (UE) y aumentar la seguridad.<\/p>\n<p>Estonia, Letonia y Lituania se desconectaron de la red conjunta IPS\/UPS y, a reserva de las pruebas de \u00faltima hora, se sincronizar\u00e1n con la red de la UE a las 12:00 GMT del domingo, tras funcionar mientras tanto por su cuenta.<\/p>\n<p>La presidenta de la Comisi\u00f3n Europea, Ursula von der Leyen, intervendr\u00e1 en una ceremonia este domingo para celebrar el cambio al sistema de la UE, inform\u00f3 su oficina el viernes.<\/p>\n<p>\u201cHemos alcanzado el objetivo por el que nos hab\u00edamos esforzado durante tanto tiempo. Ahora tenemos el control\u201d, declar\u00f3 en rueda de prensa el ministro lituano de Energ\u00eda, Zygimantas Vaiciunas.<\/p>\n<p>Inmediatamente despu\u00e9s de la desconexi\u00f3n, los trabajadores letones utilizaron una gr\u00faa para alcanzar los cables de alta tensi\u00f3n en Vilaka, a cien metros de la frontera rusa, y cortarlos. Entregaron los cables cortados como recuerdo a los observadores que los vitoreaban.<\/p>\n<p>\u201cNo volveremos a utilizarlo. Seguimos adelante\u201d, declar\u00f3 a Reuters en Vilaka el ministro de Energ\u00eda let\u00f3n, Kaspars Melnis.<\/p>\n<p>Los planes de los pa\u00edses b\u00e1lticos para desvincularse de la red de su antiguo jefe imperial sovi\u00e9tico, debatidos durante d\u00e9cadas, cobraron impulso tras la anexi\u00f3n de Crimea por Mosc\u00fa en 2014.<\/p>\n<p>La red era el \u00faltimo v\u00ednculo que les quedaba con Rusia a los tres pa\u00edses, que resurgieron como naciones independientes a principios de la d\u00e9cada de 1990, tras la ca\u00edda de la Uni\u00f3n Sovi\u00e9tica, y se incorporaron a la Uni\u00f3n Europea y a la OTAN en 2004.<\/p>\n<p>Los tres partidarios incondicionales de Kiev dejaron de comprar energ\u00eda a Rusia tras la invasi\u00f3n de Ucrania por Mosc\u00fa en 2022, pero han dependido de la red rusa para controlar las frecuencias y estabilizar las redes para evitar cortes.<\/p>\n<p>\u201cAl poner fin a la dependencia energ\u00e9tica de los pa\u00edses b\u00e1lticos respecto a Rusia, dejamos al agresor sin la opci\u00f3n de utilizar la energ\u00eda como arma contra nosotros\u201d, dijo el ministro de Relaciones Exteriores estonio, Margus Tsahkna.<\/p>\n<p>La regi\u00f3n del Mar B\u00e1ltico se encuentra en estado de m\u00e1xima alerta tras los cortes de cables el\u00e9ctricos, enlaces de telecomunicaciones y gasoductos entre el B\u00e1ltico y Suecia o Finlandia. Se cree que todos ellos fueron causados por barcos que arrastraron anclas por el fondo del mar tras la invasi\u00f3n rusa de Ucrania. Rusia ha negado cualquier implicaci\u00f3n.<\/p>\n","protected":false},"excerpt":{"rendered":"<p>Los tres pa\u00edses b\u00e1lticos desconectaron el s\u00e1bado sus sistemas el\u00e9ctricos de la red rusa, informaron los operadores de la regi\u00f3n,<\/p>\n","protected":false},"author":4,"featured_media":49860,"comment_status":"closed","ping_status":"closed","sticky":false,"template":"","format":"standard","meta":{"colormag_page_container_layout":"default_layout","colormag_page_sidebar_layout":"default_layout","_jetpack_memberships_contains_paid_content":false,"footnotes":"","jetpack_publicize_message":"","jetpack_publicize_feature_enabled":true,"jetpack_social_post_already_shared":true,"jetpack_social_options":{"image_generator_settings":{"template":"highway","default_image_id":0,"font":"","enabled":false},"version":2}},"categories":[1947],"tags":[],"class_list":["post-49859","post","type-post","status-publish","format-standard","has-post-thumbnail","hentry","category-economia"],"jetpack_publicize_connections":[],"jetpack_featured_media_url":"https:\/\/noticiasveracruz.com\/wp-content\/uploads\/2025\/02\/descarga-1.jpg","jetpack_sharing_enabled":true,"publishpress_future_action":{"enabled":false,"date":"2026-05-10 05:09:20","action":"change-status","newStatus":"draft","terms":[],"taxonomy":"category","extraData":[]},"publishpress_future_workflow_manual_trigger":{"enabledWorkflows":[]},"_links":{"self":[{"href":"https:\/\/noticiasveracruz.com\/index.php\/wp-json\/wp\/v2\/posts\/49859","targetHints":{"allow":["GET"]}}],"collection":[{"href":"https:\/\/noticiasveracruz.com\/index.php\/wp-json\/wp\/v2\/posts"}],"about":[{"href":"https:\/\/noticiasveracruz.com\/index.php\/wp-json\/wp\/v2\/types\/post"}],"author":[{"embeddable":true,"href":"https:\/\/noticiasveracruz.com\/index.php\/wp-json\/wp\/v2\/users\/4"}],"replies":[{"embeddable":true,"href":"https:\/\/noticiasveracruz.com\/index.php\/wp-json\/wp\/v2\/comments?post=49859"}],"version-history":[{"count":0,"href":"https:\/\/noticiasveracruz.com\/index.php\/wp-json\/wp\/v2\/posts\/49859\/revisions"}],"wp:featuredmedia":[{"embeddable":true,"href":"https:\/\/noticiasveracruz.com\/index.php\/wp-json\/wp\/v2\/media\/49860"}],"wp:attachment":[{"href":"https:\/\/noticiasveracruz.com\/index.php\/wp-json\/wp\/v2\/media?parent=49859"}],"wp:term":[{"taxonomy":"category","embeddable":true,"href":"https:\/\/noticiasveracruz.com\/index.php\/wp-json\/wp\/v2\/categories?post=49859"},{"taxonomy":"post_tag","embeddable":true,"href":"https:\/\/noticiasveracruz.com\/index.php\/wp-json\/wp\/v2\/tags?post=49859"}],"curies":[{"name":"wp","href":"https:\/\/api.w.org\/{rel}","templated":true}]}}