{"id":49796,"date":"2025-02-08T00:13:41","date_gmt":"2025-02-08T06:13:41","guid":{"rendered":"https:\/\/noticiasveracruz.com\/?p=49796"},"modified":"2025-02-07T21:22:47","modified_gmt":"2025-02-08T03:22:47","slug":"reporta-imevis-un-millon-200-mil-lotes-irregulares-en-cuautitan-izcalli","status":"publish","type":"post","link":"https:\/\/noticiasveracruz.com\/index.php\/2025\/02\/08\/reporta-imevis-un-millon-200-mil-lotes-irregulares-en-cuautitan-izcalli\/","title":{"rendered":"Reporta Imevis un mill\u00f3n 200 mil lotes irregulares en Cuautit\u00e1n Izcalli"},"content":{"rendered":"<p>El director del Instituto Mexiquense de la Vivienda Social (Imevis), Alejandro Tenorio Esquivel, dio a conocer que en la entidad existen al menos un mill\u00f3n 200 mil lotes irregulares, por ello destac\u00f3 que es importante acelerar el proceso de titulaci\u00f3n de predios, pues destac\u00f3 que es importante dar orden y certeza jur\u00eddica en la tenencia de la tierra en la entidad mexiquense.<\/p>\n<p>Al presidir la firma del \u00abConvenio de Coordinaci\u00f3n de Acciones Gubernamentales y Toma de Protesta de comit\u00e9s municipales de prevenci\u00f3n y control de crecimiento urbano\u00bb, con alcaldes y representantes de 11 municipios de la regi\u00f3n norte del estado de M\u00e9xico, Tenorio Esquivel plante\u00f3 que el gobierno de Delfina G\u00f3mez \u00c1lvarez tiene la posibilidad de emitir hasta 100 mil t\u00edtulos de propiedad durante su sexenio.<\/p>\n<p>Plante\u00f3 que la zona conurbada a la capital del pa\u00eds enfrenta una din\u00e1mica poblacional muy importante, que se prev\u00e9 que en 25 a\u00f1os podr\u00eda contar con una poblaci\u00f3n de m\u00e1s de 38 millones de habitantes, y con ello ser\u00e1 la megal\u00f3polis m\u00e1s poblada del mundo, de ah\u00ed, que es fundamental sentar las bases del ordenamiento urbano y titularidad de la propiedad.<\/p>\n<p>Dijo que en esta din\u00e1mica de crecimiento urbano el gobierno federal prev\u00e9 para 2025 la construcci\u00f3n de 70 mil 900 viviendas en municipios de la zona orienten y norte del Valle de M\u00e9xico, regiones que deben crecer ordenadamente, pues de no ser as\u00ed se va a tener \u201cun monstruo en algunos a\u00f1os que despu\u00e9s ser\u00e1 dif\u00edcil de controlar\u201d.<\/p>\n<p>Alejandro Tenorio dijo que el potencial del crecimiento urbano ser\u00e1 en la regi\u00f3n oriente y norte del Estado de M\u00e9xico, por ello la instrucci\u00f3n de la gobernadora es realizar un esfuerzo adicional en el proceso de regularizaci\u00f3n de la propiedad, para que los ciudadanos cuenten con sus t\u00edtulos de propiedad, afianzar el patrimonio a sus familias y no heredar problemas.<\/p>\n<p>Indic\u00f3 que durante 2024 se emitieron 6 mil 500 escrituras, pero es importante sumar esfuerzos y para ello solicit\u00f3 la colaboraci\u00f3n de los alcaldes para que llamen a sus pobladores a iniciar el tr\u00e1mite de regularizaci\u00f3n de los terrenos que habitan.<\/p>\n","protected":false},"excerpt":{"rendered":"<p>El director del Instituto Mexiquense de la Vivienda Social (Imevis), Alejandro Tenorio Esquivel, dio a conocer que en la entidad<\/p>\n","protected":false},"author":4,"featured_media":49797,"comment_status":"closed","ping_status":"closed","sticky":false,"template":"","format":"standard","meta":{"colormag_page_container_layout":"default_layout","colormag_page_sidebar_layout":"default_layout","_jetpack_memberships_contains_paid_content":false,"footnotes":"","jetpack_publicize_message":"","jetpack_publicize_feature_enabled":true,"jetpack_social_post_already_shared":true,"jetpack_social_options":{"image_generator_settings":{"template":"highway","default_image_id":0,"font":"","enabled":false},"version":2}},"categories":[145],"tags":[],"class_list":["post-49796","post","type-post","status-publish","format-standard","has-post-thumbnail","hentry","category-estados"],"jetpack_publicize_connections":[],"jetpack_featured_media_url":"https:\/\/noticiasveracruz.com\/wp-content\/uploads\/2025\/02\/IMEVIS.jpg","jetpack_sharing_enabled":true,"publishpress_future_action":{"enabled":false,"date":"2026-05-10 07:12:31","action":"change-status","newStatus":"draft","terms":[],"taxonomy":"category","extraData":[]},"publishpress_future_workflow_manual_trigger":{"enabledWorkflows":[]},"_links":{"self":[{"href":"https:\/\/noticiasveracruz.com\/index.php\/wp-json\/wp\/v2\/posts\/49796","targetHints":{"allow":["GET"]}}],"collection":[{"href":"https:\/\/noticiasveracruz.com\/index.php\/wp-json\/wp\/v2\/posts"}],"about":[{"href":"https:\/\/noticiasveracruz.com\/index.php\/wp-json\/wp\/v2\/types\/post"}],"author":[{"embeddable":true,"href":"https:\/\/noticiasveracruz.com\/index.php\/wp-json\/wp\/v2\/users\/4"}],"replies":[{"embeddable":true,"href":"https:\/\/noticiasveracruz.com\/index.php\/wp-json\/wp\/v2\/comments?post=49796"}],"version-history":[{"count":0,"href":"https:\/\/noticiasveracruz.com\/index.php\/wp-json\/wp\/v2\/posts\/49796\/revisions"}],"wp:featuredmedia":[{"embeddable":true,"href":"https:\/\/noticiasveracruz.com\/index.php\/wp-json\/wp\/v2\/media\/49797"}],"wp:attachment":[{"href":"https:\/\/noticiasveracruz.com\/index.php\/wp-json\/wp\/v2\/media?parent=49796"}],"wp:term":[{"taxonomy":"category","embeddable":true,"href":"https:\/\/noticiasveracruz.com\/index.php\/wp-json\/wp\/v2\/categories?post=49796"},{"taxonomy":"post_tag","embeddable":true,"href":"https:\/\/noticiasveracruz.com\/index.php\/wp-json\/wp\/v2\/tags?post=49796"}],"curies":[{"name":"wp","href":"https:\/\/api.w.org\/{rel}","templated":true}]}}