{"id":49793,"date":"2025-02-08T00:12:11","date_gmt":"2025-02-08T06:12:11","guid":{"rendered":"https:\/\/noticiasveracruz.com\/?p=49793"},"modified":"2025-02-07T21:19:11","modified_gmt":"2025-02-08T03:19:11","slug":"inflacion-se-desacelero-en-enero-fue-de-3-59-anual-inegi","status":"publish","type":"post","link":"https:\/\/noticiasveracruz.com\/index.php\/2025\/02\/08\/inflacion-se-desacelero-en-enero-fue-de-3-59-anual-inegi\/","title":{"rendered":"Inflaci\u00f3n se desaceler\u00f3 en enero; fue de 3.59% anual: Inegi"},"content":{"rendered":"<p>La inflaci\u00f3n se desaceler\u00f3 en enero al ubicarse en una tasa anual de 3.59 por ciento, debido en particular a la ca\u00edda de los precios de productos agropecuarios y servicios tur\u00edsticos y transporte a\u00e9reo, inform\u00f3 este viernes el Instituto Nacional de Estad\u00edstica y Geograf\u00eda (Inegi).<\/p>\n<p>El nivel observado en los primeros 31 d\u00edas de 2025 no s\u00f3lo signific\u00f3 el m\u00e1s bajo desde febrero de 2021, sino que se acerca m\u00e1s al objetivo del Banco de M\u00e9xico (BdeM), que es de 3 por ciento con un intervalo de un punto porcentual hacia arriba o hacia abajo.<\/p>\n<p>La variaci\u00f3n mensual del \u00cdndice Nacional de Precios al Consumidor (INPC) mostr\u00f3 un aumento de 0.29 por ciento, dato que es el m\u00e1s bajo para un enero desde 2019, cuando s\u00f3lo avanz\u00f3 0.19 por ciento.<\/p>\n<p>De acuerdo con el Inegi, el comportamiento de esta medici\u00f3n se explic\u00f3 por la reducci\u00f3n en el costo de la cebolla, el jitomate, el tomate verde, la papaya, papa, calabacita, nopales, transporte a\u00e9reo y servicios tur\u00edsticos en paquete.<\/p>\n<p>No obstante, los pl\u00e1tanos, las gasolinas de bajo octanaje o regular, electricidad, restaurantes, cigarrillos, pollo, vivienda propia, loncher\u00edas, fondas, loter\u00edas y taquer\u00edas observaron un aumento en sus precios.<\/p>\n","protected":false},"excerpt":{"rendered":"<p>La inflaci\u00f3n se desaceler\u00f3 en enero al ubicarse en una tasa anual de 3.59 por ciento, debido en particular a<\/p>\n","protected":false},"author":4,"featured_media":49794,"comment_status":"closed","ping_status":"closed","sticky":false,"template":"","format":"standard","meta":{"colormag_page_container_layout":"default_layout","colormag_page_sidebar_layout":"default_layout","_jetpack_memberships_contains_paid_content":false,"footnotes":"","jetpack_publicize_message":"","jetpack_publicize_feature_enabled":true,"jetpack_social_post_already_shared":true,"jetpack_social_options":{"image_generator_settings":{"template":"highway","default_image_id":0,"font":"","enabled":false},"version":2}},"categories":[1947],"tags":[],"class_list":["post-49793","post","type-post","status-publish","format-standard","has-post-thumbnail","hentry","category-economia"],"jetpack_publicize_connections":[],"jetpack_featured_media_url":"https:\/\/noticiasveracruz.com\/wp-content\/uploads\/2025\/02\/inflacion-se-desacelero-en-enero-fue-de-359-anual-inegi-2.jpg","jetpack_sharing_enabled":true,"publishpress_future_action":{"enabled":false,"date":"2026-05-10 05:12:34","action":"change-status","newStatus":"draft","terms":[],"taxonomy":"category","extraData":[]},"publishpress_future_workflow_manual_trigger":{"enabledWorkflows":[]},"_links":{"self":[{"href":"https:\/\/noticiasveracruz.com\/index.php\/wp-json\/wp\/v2\/posts\/49793","targetHints":{"allow":["GET"]}}],"collection":[{"href":"https:\/\/noticiasveracruz.com\/index.php\/wp-json\/wp\/v2\/posts"}],"about":[{"href":"https:\/\/noticiasveracruz.com\/index.php\/wp-json\/wp\/v2\/types\/post"}],"author":[{"embeddable":true,"href":"https:\/\/noticiasveracruz.com\/index.php\/wp-json\/wp\/v2\/users\/4"}],"replies":[{"embeddable":true,"href":"https:\/\/noticiasveracruz.com\/index.php\/wp-json\/wp\/v2\/comments?post=49793"}],"version-history":[{"count":0,"href":"https:\/\/noticiasveracruz.com\/index.php\/wp-json\/wp\/v2\/posts\/49793\/revisions"}],"wp:featuredmedia":[{"embeddable":true,"href":"https:\/\/noticiasveracruz.com\/index.php\/wp-json\/wp\/v2\/media\/49794"}],"wp:attachment":[{"href":"https:\/\/noticiasveracruz.com\/index.php\/wp-json\/wp\/v2\/media?parent=49793"}],"wp:term":[{"taxonomy":"category","embeddable":true,"href":"https:\/\/noticiasveracruz.com\/index.php\/wp-json\/wp\/v2\/categories?post=49793"},{"taxonomy":"post_tag","embeddable":true,"href":"https:\/\/noticiasveracruz.com\/index.php\/wp-json\/wp\/v2\/tags?post=49793"}],"curies":[{"name":"wp","href":"https:\/\/api.w.org\/{rel}","templated":true}]}}