{"id":49787,"date":"2025-02-08T00:10:26","date_gmt":"2025-02-08T06:10:26","guid":{"rendered":"https:\/\/noticiasveracruz.com\/?p=49787"},"modified":"2025-02-07T21:15:21","modified_gmt":"2025-02-08T03:15:21","slug":"trump-frena-medidas-contra-pequenos-envios-desde-china-tras-caos-en-aduanas","status":"publish","type":"post","link":"https:\/\/noticiasveracruz.com\/index.php\/2025\/02\/08\/trump-frena-medidas-contra-pequenos-envios-desde-china-tras-caos-en-aduanas\/","title":{"rendered":"Trump frena medidas contra peque\u00f1os env\u00edos desde China tras caos en aduanas"},"content":{"rendered":"<p>El presidente de Estados Unidos, Donald Trump, detuvo este viernes medidas de su gobierno para derogar el tratamiento libre de impuestos de los paquetes de bajo costo procedentes de China, dando tiempo al Departamento de Comercio permita que el decreto sea viable, despu\u00e9s de que el r\u00e1pido cambio caus\u00f3 un caos en las aduanas, los servicios postales y entre las minoristas en l\u00ednea.<\/p>\n<p>La cancelaci\u00f3n de los llamados \u00ab<em>minimis<\/em>\u00bb significa que los paquetes de comercio electr\u00f3nico de bajo valor que llegan a Estados Unidos procedentes de China deben usar el proceso de \u00abentrada formal\u00bb que requiere m\u00e1s informaci\u00f3n y aranceles antes de entrar en el pa\u00eds, algo que toma mucho m\u00e1s tiempo.<\/p>\n<p>El cambio, aplicado con s\u00f3lo 48 horas de preaviso, hizo que el Servicio Postal de Estados Unidos dejara temporalmente de aceptar paquetes procedentes de China y Hong Kong a principios de esta semana.<\/p>\n<p>El Servicio de Aduanas y Protecci\u00f3n de Fronteras de Estados Unidos, encargado de revisar los paquetes de comercio electr\u00f3nico y recaudar los aranceles, celebr\u00f3 el jueves una reuni\u00f3n con profesionales de la log\u00edstica para analizar la situaci\u00f3n de m\u00e1s de un mill\u00f3n de paquetes que se acumulan en el aeropuerto internacional John F. Kennedy de Nueva York, seg\u00fan una fuente conocedora de la reuni\u00f3n.<\/p>\n","protected":false},"excerpt":{"rendered":"<p>El presidente de Estados Unidos, Donald Trump, detuvo este viernes medidas de su gobierno para derogar el tratamiento libre de<\/p>\n","protected":false},"author":4,"featured_media":49788,"comment_status":"closed","ping_status":"closed","sticky":false,"template":"","format":"standard","meta":{"colormag_page_container_layout":"default_layout","colormag_page_sidebar_layout":"default_layout","_jetpack_memberships_contains_paid_content":false,"footnotes":"","jetpack_publicize_message":"","jetpack_publicize_feature_enabled":true,"jetpack_social_post_already_shared":true,"jetpack_social_options":{"image_generator_settings":{"template":"highway","default_image_id":0,"font":"","enabled":false},"version":2}},"categories":[1947],"tags":[],"class_list":["post-49787","post","type-post","status-publish","format-standard","has-post-thumbnail","hentry","category-economia"],"jetpack_publicize_connections":[],"jetpack_featured_media_url":"https:\/\/noticiasveracruz.com\/wp-content\/uploads\/2025\/02\/461318_4x.jpg","jetpack_sharing_enabled":true,"publishpress_future_action":{"enabled":false,"date":"2026-05-10 06:05:30","action":"change-status","newStatus":"draft","terms":[],"taxonomy":"category","extraData":[]},"publishpress_future_workflow_manual_trigger":{"enabledWorkflows":[]},"_links":{"self":[{"href":"https:\/\/noticiasveracruz.com\/index.php\/wp-json\/wp\/v2\/posts\/49787","targetHints":{"allow":["GET"]}}],"collection":[{"href":"https:\/\/noticiasveracruz.com\/index.php\/wp-json\/wp\/v2\/posts"}],"about":[{"href":"https:\/\/noticiasveracruz.com\/index.php\/wp-json\/wp\/v2\/types\/post"}],"author":[{"embeddable":true,"href":"https:\/\/noticiasveracruz.com\/index.php\/wp-json\/wp\/v2\/users\/4"}],"replies":[{"embeddable":true,"href":"https:\/\/noticiasveracruz.com\/index.php\/wp-json\/wp\/v2\/comments?post=49787"}],"version-history":[{"count":0,"href":"https:\/\/noticiasveracruz.com\/index.php\/wp-json\/wp\/v2\/posts\/49787\/revisions"}],"wp:featuredmedia":[{"embeddable":true,"href":"https:\/\/noticiasveracruz.com\/index.php\/wp-json\/wp\/v2\/media\/49788"}],"wp:attachment":[{"href":"https:\/\/noticiasveracruz.com\/index.php\/wp-json\/wp\/v2\/media?parent=49787"}],"wp:term":[{"taxonomy":"category","embeddable":true,"href":"https:\/\/noticiasveracruz.com\/index.php\/wp-json\/wp\/v2\/categories?post=49787"},{"taxonomy":"post_tag","embeddable":true,"href":"https:\/\/noticiasveracruz.com\/index.php\/wp-json\/wp\/v2\/tags?post=49787"}],"curies":[{"name":"wp","href":"https:\/\/api.w.org\/{rel}","templated":true}]}}