{"id":49755,"date":"2025-02-07T00:22:49","date_gmt":"2025-02-07T06:22:49","guid":{"rendered":"https:\/\/noticiasveracruz.com\/?p=49755"},"modified":"2025-02-06T21:58:36","modified_gmt":"2025-02-07T03:58:36","slug":"el-pib-se-redujo","status":"publish","type":"post","link":"https:\/\/noticiasveracruz.com\/index.php\/2025\/02\/07\/el-pib-se-redujo\/","title":{"rendered":"El PIB se redujo"},"content":{"rendered":"<ul>\n<li style=\"font-weight: 400;\"><strong>La econom\u00eda mexicana se contrajo. Eso no pasaba desde 2021<\/strong><\/li>\n<li style=\"font-weight: 400;\"><strong>El PIB se tropez\u00f3 y tuvo una contracci\u00f3n del .6%. \u00bfQu\u00e9 pasar\u00e1 ahora?<\/strong><\/li>\n<li style=\"font-weight: 400;\"><strong>Las actividades agr\u00edcolas, pesqueras y mineras se llevaron el golpe m\u00e1s duro<\/strong><\/li>\n<\/ul>\n<p style=\"font-weight: 400;\"><strong>Por Miguel \u00c1ngel Cristiani G.<\/strong><\/p>\n<ul>\n<li style=\"font-weight: 400;\">Las actividades agr\u00edcolas, pesqueras y mineras se llevaron el golpe m\u00e1s duro con una baja del 8.9%. Es la peor ca\u00edda desde 1999, en parte por la sequ\u00eda al norte del pa\u00eds.<\/li>\n<li style=\"font-weight: 400;\">Comercio y actividades terciarias entraron al quite. Crecieron .3% trimestral y 2.2% anual.<\/li>\n<li style=\"font-weight: 400;\">En todo 2024, el PIB solo avanz\u00f3 1.3%, el menor avance desde 2021. Pero Gobierno de M\u00e9xico dice que una recesi\u00f3n est\u00e1 descartada.<\/li>\n<li style=\"font-weight: 400;\">Pol\u00e9mico: ahora Banco de M\u00e9xico est\u00e1 entre la espada y la pared. La Fed mantuvo sus tasas por preocupaciones inflacionarias, pero aqu\u00ed una reducci\u00f3n de 50 puntos base podr\u00eda dar el impulso que la econom\u00eda necesita para evitar otro trimestre negativo. Este 6 de febrero sabremos el desenlace.<\/li>\n<\/ul>\n<p style=\"font-weight: 400;\">En perspectiva: si esto se repite para el primer trimestre de 2025, M\u00e9xico entrar\u00eda oficialmente en recesi\u00f3n t\u00e9cnica. La noticia llega en el momento m\u00e1s tenso: con las amenazas a los aranceles de Trump.<\/p>\n<p style=\"font-weight: 400;\">El Producto Interno Bruto (PIB) de M\u00e9xico se ha reducido. Este fen\u00f3meno no es solo un n\u00famero en un informe econ\u00f3mico; tiene ramificaciones profundas para la econom\u00eda, para los ciudadanos y para el futuro del pa\u00eds. En este blog, desglosaremos qu\u00e9 significa esta reducci\u00f3n, sus causas, sus consecuencias y qu\u00e9 se puede hacer al respecto.<\/p>\n<p style=\"font-weight: 400;\">\u00bfQu\u00e9 es el PIB y por qu\u00e9 es importante?<\/p>\n<p style=\"font-weight: 400;\">El PIB es una medida que refleja el valor total de todos los bienes y servicios producidos en un pa\u00eds durante un periodo espec\u00edfico. Es un indicador clave de la salud econ\u00f3mica. Cuando el PIB crece, suele implicar que la econom\u00eda est\u00e1 prosperando, hay m\u00e1s empleo y, en general, una mejor calidad de vida. Por el contrario, una reducci\u00f3n en el PIB puede ser un signo de problemas econ\u00f3micos.<\/p>\n<p style=\"font-weight: 400;\">Causas de la reducci\u00f3n del PIB en M\u00e9xico<\/p>\n<p style=\"font-weight: 400;\">Impacto de la Pandemia: La COVID-19 tuvo un efecto devastador en muchas econom\u00edas, incluida la mexicana. Las restricciones sanitarias provocaron cierres de negocios, lo que llev\u00f3 a una contracci\u00f3n econ\u00f3mica significativa. Aunque algunos sectores se han recuperado, otros a\u00fan luchan por volver a los niveles anteriores.<\/p>\n<p style=\"font-weight: 400;\">Inflaci\u00f3n: La inflaci\u00f3n es otro factor clave. A medida que los precios de los bienes y servicios aumentan, el poder adquisitivo de los consumidores disminuye. Esto lleva a una reducci\u00f3n en el consumo, que es uno de los principales motores del PIB.<\/p>\n<p style=\"font-weight: 400;\">Inversi\u00f3n Extranjera: La inversi\u00f3n extranjera directa es crucial para el crecimiento econ\u00f3mico. Si los inversionistas no sienten confianza en la econom\u00eda de un pa\u00eds, es probable que retiren sus inversiones o se abstengan de entrar en el mercado. La incertidumbre pol\u00edtica y econ\u00f3mica puede jugar un papel importante aqu\u00ed.<\/p>\n<p style=\"font-weight: 400;\">Consecuencias de la reducci\u00f3n del PIB<\/p>\n<ol>\n<li style=\"font-weight: 400;\">Aumento del Desempleo Una reducci\u00f3n en el PIB generalmente se traduce en menos empleo. Las empresas enfrentan ca\u00eddas en sus ingresos y, como resultado, pueden despedir empleados o incluso cerrar. El desempleo genera una serie de problemas sociales, desde el aumento de la pobreza hasta el descontento social.<\/li>\n<li style=\"font-weight: 400;\">Menor Inversi\u00f3n en Servicios P\u00fablicos Con una econom\u00eda en declive, el gobierno tiene menos recursos. Esto puede traducirse en recortes en servicios p\u00fablicos esenciales como la educaci\u00f3n y la salud. A largo plazo, esto puede afectar el desarrollo del capital humano, crucial para la recuperaci\u00f3n econ\u00f3mica.<\/li>\n<li style=\"font-weight: 400;\">Aumento de la Deuda P\u00fablica Cuando la econom\u00eda se contrae, el gobierno puede verse tentado a endeudarse para mantener los servicios y programas. Esto puede llevar a un ciclo de deuda que resulta dif\u00edcil de romper. A medida que aumenta la deuda, tambi\u00e9n lo hace la preocupaci\u00f3n sobre la sostenibilidad fiscal.<\/li>\n<\/ol>\n<p style=\"font-weight: 400;\">Para m\u00e1s informaci\u00f3n consulta nuestra p\u00e1gina\u00a0<a href=\"https:\/\/www.xn--bitacoraspolticas-ovb.com\/\" data-saferedirecturl=\"https:\/\/www.google.com\/url?q=https:\/\/www.xn--bitacoraspolticas-ovb.com\/&amp;source=gmail&amp;ust=1738986695749000&amp;usg=AOvVaw284BKggnr9aNNuMm7FYikb\">https:\/\/www.xn--bitacoraspolticas-ovb.com\/<\/a><\/p>\n<p><img loading=\"lazy\" decoding=\"async\" class=\"alignnone wp-image-49433 size-full\" src=\"http:\/\/noticiasveracruz.com\/wp-content\/uploads\/2025\/02\/FIRMA-EDITORIAL-PD.jpg\" alt=\"\" width=\"1024\" height=\"125\" srcset=\"https:\/\/noticiasveracruz.com\/wp-content\/uploads\/2025\/02\/FIRMA-EDITORIAL-PD.jpg 1024w, https:\/\/noticiasveracruz.com\/wp-content\/uploads\/2025\/02\/FIRMA-EDITORIAL-PD-300x37.jpg 300w, https:\/\/noticiasveracruz.com\/wp-content\/uploads\/2025\/02\/FIRMA-EDITORIAL-PD-768x94.jpg 768w\" sizes=\"auto, (max-width: 1024px) 100vw, 1024px\" \/><\/p>\n","protected":false},"excerpt":{"rendered":"<p>La econom\u00eda mexicana se contrajo. Eso no pasaba desde 2021 El PIB se tropez\u00f3 y tuvo una contracci\u00f3n del .6%.<\/p>\n","protected":false},"author":4,"featured_media":29037,"comment_status":"closed","ping_status":"closed","sticky":false,"template":"","format":"standard","meta":{"colormag_page_container_layout":"default_layout","colormag_page_sidebar_layout":"default_layout","_jetpack_memberships_contains_paid_content":false,"footnotes":"","jetpack_publicize_message":"","jetpack_publicize_feature_enabled":true,"jetpack_social_post_already_shared":true,"jetpack_social_options":{"image_generator_settings":{"template":"highway","default_image_id":0,"font":"","enabled":false},"version":2}},"categories":[6],"tags":[],"class_list":["post-49755","post","type-post","status-publish","format-standard","has-post-thumbnail","hentry","category-columnistas"],"jetpack_publicize_connections":[],"jetpack_featured_media_url":"https:\/\/noticiasveracruz.com\/wp-content\/uploads\/2024\/04\/BANNER-cristiani-NV.jpg","jetpack_sharing_enabled":true,"publishpress_future_action":{"enabled":false,"date":"2026-05-07 09:39:41","action":"change-status","newStatus":"draft","terms":[],"taxonomy":"category","extraData":[]},"publishpress_future_workflow_manual_trigger":{"enabledWorkflows":[]},"_links":{"self":[{"href":"https:\/\/noticiasveracruz.com\/index.php\/wp-json\/wp\/v2\/posts\/49755","targetHints":{"allow":["GET"]}}],"collection":[{"href":"https:\/\/noticiasveracruz.com\/index.php\/wp-json\/wp\/v2\/posts"}],"about":[{"href":"https:\/\/noticiasveracruz.com\/index.php\/wp-json\/wp\/v2\/types\/post"}],"author":[{"embeddable":true,"href":"https:\/\/noticiasveracruz.com\/index.php\/wp-json\/wp\/v2\/users\/4"}],"replies":[{"embeddable":true,"href":"https:\/\/noticiasveracruz.com\/index.php\/wp-json\/wp\/v2\/comments?post=49755"}],"version-history":[{"count":0,"href":"https:\/\/noticiasveracruz.com\/index.php\/wp-json\/wp\/v2\/posts\/49755\/revisions"}],"wp:featuredmedia":[{"embeddable":true,"href":"https:\/\/noticiasveracruz.com\/index.php\/wp-json\/wp\/v2\/media\/29037"}],"wp:attachment":[{"href":"https:\/\/noticiasveracruz.com\/index.php\/wp-json\/wp\/v2\/media?parent=49755"}],"wp:term":[{"taxonomy":"category","embeddable":true,"href":"https:\/\/noticiasveracruz.com\/index.php\/wp-json\/wp\/v2\/categories?post=49755"},{"taxonomy":"post_tag","embeddable":true,"href":"https:\/\/noticiasveracruz.com\/index.php\/wp-json\/wp\/v2\/tags?post=49755"}],"curies":[{"name":"wp","href":"https:\/\/api.w.org\/{rel}","templated":true}]}}