{"id":49736,"date":"2025-02-07T00:16:59","date_gmt":"2025-02-07T06:16:59","guid":{"rendered":"https:\/\/noticiasveracruz.com\/?p=49736"},"modified":"2025-02-06T21:41:48","modified_gmt":"2025-02-07T03:41:48","slug":"reconoce-presidenta-del-congreso-de-bc-labor-ejemplar-de-bomberos","status":"publish","type":"post","link":"https:\/\/noticiasveracruz.com\/index.php\/2025\/02\/07\/reconoce-presidenta-del-congreso-de-bc-labor-ejemplar-de-bomberos\/","title":{"rendered":"Reconoce presidenta del Congreso de BC labor ejemplar de bomberos"},"content":{"rendered":"<p>Ante los incendios provocados por los vientos de Santa Ana registrados en la regi\u00f3n, la presidenta del Congreso de Baja California, Evelyn S\u00e1nchez, reconoci\u00f3 la respuesta de los bomberos que evitaron p\u00e9rdidas humanas.<\/p>\n<p>En particular se refiri\u00f3 al incendio de la colonia Cumbres del Rub\u00ed en el que m\u00e1s de 30 bomberos \u00abtrabajaron arduamente para sofocar las llamas, demostrando su dedicaci\u00f3n y compromiso de servir\u201d.<\/p>\n<p>Tijuana enfrent\u00f3 una serie de incendios de gran magnitud, exacerbados por los fuertes vientos de Santa Ana, dijo al tiempo de se\u00f1alar que esas condiciones clim\u00e1ticas dificultaron enormemente las labores de contenci\u00f3n y extinci\u00f3n, pusieron en riesgo la vida de los habitantes y causaron da\u00f1os materiales significativos.<\/p>\n<p>La morenista reconoci\u00f3 que durante estos eventos los bomberos realizaron evacuaciones de m\u00e1s de 100 personas, incluidos varios adultos mayores en situaci\u00f3n de vulnerabilidad.<\/p>\n<p>A pesar de las adversidades y riesgos inherentes a su labor protegen a la poblaci\u00f3n con profesionalismo y entrega, por lo que consider\u00f3 \u00abimperativo reconocer su esfuerzo y valorar el sacrificio que realizan diariamente en pro de nuestra seguridad\u201d.<\/p>\n<p>La diputada Yohana Gilvaja inst\u00f3 a los legisladores a reflexionar sobre la situaci\u00f3n que viven los bomberos y encontrar una soluci\u00f3n normativa que aporte solidez y alta capacidad a los bomberos para atender las llamadas de auxilio.<\/p>\n<p>La petista advirti\u00f3 que las caracter\u00edsticas de las viviendas de la poblaci\u00f3n flotante en el estado son propicias para que se originen constantes incendios como los experimentados en Tijuana, Rosarito y Ensenada.<\/p>\n<p>\u201cLa mayor\u00eda de nuestros bomberos son personas que est\u00e1n en la causa de manera voluntaria, yo creo que esta precariedad en la instituci\u00f3n no nos puede dejar indiferentes\u00bb, enfatiz\u00f3.<\/p>\n","protected":false},"excerpt":{"rendered":"<p>Ante los incendios provocados por los vientos de Santa Ana registrados en la regi\u00f3n, la presidenta del Congreso de Baja<\/p>\n","protected":false},"author":4,"featured_media":49737,"comment_status":"closed","ping_status":"closed","sticky":false,"template":"","format":"standard","meta":{"colormag_page_container_layout":"default_layout","colormag_page_sidebar_layout":"default_layout","_jetpack_memberships_contains_paid_content":false,"footnotes":"","jetpack_publicize_message":"","jetpack_publicize_feature_enabled":true,"jetpack_social_post_already_shared":true,"jetpack_social_options":{"image_generator_settings":{"template":"highway","default_image_id":0,"font":"","enabled":false},"version":2}},"categories":[145],"tags":[],"class_list":["post-49736","post","type-post","status-publish","format-standard","has-post-thumbnail","hentry","category-estados"],"jetpack_publicize_connections":[],"jetpack_featured_media_url":"https:\/\/noticiasveracruz.com\/wp-content\/uploads\/2025\/02\/BOM.jpg","jetpack_sharing_enabled":true,"publishpress_future_action":{"enabled":false,"date":"2026-05-08 03:52:34","action":"change-status","newStatus":"draft","terms":[],"taxonomy":"category","extraData":[]},"publishpress_future_workflow_manual_trigger":{"enabledWorkflows":[]},"_links":{"self":[{"href":"https:\/\/noticiasveracruz.com\/index.php\/wp-json\/wp\/v2\/posts\/49736","targetHints":{"allow":["GET"]}}],"collection":[{"href":"https:\/\/noticiasveracruz.com\/index.php\/wp-json\/wp\/v2\/posts"}],"about":[{"href":"https:\/\/noticiasveracruz.com\/index.php\/wp-json\/wp\/v2\/types\/post"}],"author":[{"embeddable":true,"href":"https:\/\/noticiasveracruz.com\/index.php\/wp-json\/wp\/v2\/users\/4"}],"replies":[{"embeddable":true,"href":"https:\/\/noticiasveracruz.com\/index.php\/wp-json\/wp\/v2\/comments?post=49736"}],"version-history":[{"count":0,"href":"https:\/\/noticiasveracruz.com\/index.php\/wp-json\/wp\/v2\/posts\/49736\/revisions"}],"wp:featuredmedia":[{"embeddable":true,"href":"https:\/\/noticiasveracruz.com\/index.php\/wp-json\/wp\/v2\/media\/49737"}],"wp:attachment":[{"href":"https:\/\/noticiasveracruz.com\/index.php\/wp-json\/wp\/v2\/media?parent=49736"}],"wp:term":[{"taxonomy":"category","embeddable":true,"href":"https:\/\/noticiasveracruz.com\/index.php\/wp-json\/wp\/v2\/categories?post=49736"},{"taxonomy":"post_tag","embeddable":true,"href":"https:\/\/noticiasveracruz.com\/index.php\/wp-json\/wp\/v2\/tags?post=49736"}],"curies":[{"name":"wp","href":"https:\/\/api.w.org\/{rel}","templated":true}]}}