{"id":49730,"date":"2025-02-07T00:14:37","date_gmt":"2025-02-07T06:14:37","guid":{"rendered":"https:\/\/noticiasveracruz.com\/?p=49730"},"modified":"2025-02-06T21:37:33","modified_gmt":"2025-02-07T03:37:33","slug":"gobierno-de-nayarit-prohibe-narcocorridos-en-eventos-publicos","status":"publish","type":"post","link":"https:\/\/noticiasveracruz.com\/index.php\/2025\/02\/07\/gobierno-de-nayarit-prohibe-narcocorridos-en-eventos-publicos\/","title":{"rendered":"Gobierno de Nayarit proh\u00edbe narcocorridos en eventos p\u00fablicos"},"content":{"rendered":"<p>Por decreto, el actual gobierno de Nayarit, encabezado por Miguel Angel Navarro Quintero, emiti\u00f3 la prohibici\u00f3n los narcocorridos en eventos p\u00fablicos.<\/p>\n<p>En el peri\u00f3dico oficial con fecha del 4 de febrero se dice que se \u00abproh\u00edbe la interpretaci\u00f3n y\/o reproducci\u00f3n de m\u00fasica en eventos p\u00fablicos que promueva la apolog\u00eda del delito y la violencia de cualquier tipo en el estado de Nayarit\u00bb.<\/p>\n<p>Entre los g\u00e9neros que se encuentran prohibidos, de acuerdo al art\u00edculo primero emitido en el decreto, se encuentran corridos tumbados, narcocorridos, corridos, corridos progresivos, corridos b\u00e9licos y corridos alterados.<\/p>\n<p>Con ello, precisa, se busca fomentar un entorno seguro en eventos publico, asi como proteger a j\u00f3venes de mensajes que puedan influir negativamente en su conducta, reforzar valores de paz y convivencia pac\u00edfica.<\/p>\n<p>El decreto alude a eventos que se realizan de manera frecuente en espacios p\u00fablicos, plazas, auditorios, estadios, ferias y otros centros de espect\u00e1culos, sin importar si estos son organizados por empresas y gobiernos.<\/p>\n","protected":false},"excerpt":{"rendered":"<p>Por decreto, el actual gobierno de Nayarit, encabezado por Miguel Angel Navarro Quintero, emiti\u00f3 la prohibici\u00f3n los narcocorridos en eventos<\/p>\n","protected":false},"author":4,"featured_media":49731,"comment_status":"closed","ping_status":"closed","sticky":false,"template":"","format":"standard","meta":{"colormag_page_container_layout":"default_layout","colormag_page_sidebar_layout":"default_layout","_jetpack_memberships_contains_paid_content":false,"footnotes":"","jetpack_publicize_message":"","jetpack_publicize_feature_enabled":true,"jetpack_social_post_already_shared":true,"jetpack_social_options":{"image_generator_settings":{"template":"highway","default_image_id":0,"font":"","enabled":false},"version":2}},"categories":[145],"tags":[],"class_list":["post-49730","post","type-post","status-publish","format-standard","has-post-thumbnail","hentry","category-estados"],"jetpack_publicize_connections":[],"jetpack_featured_media_url":"https:\/\/noticiasveracruz.com\/wp-content\/uploads\/2025\/02\/NC.jpg","jetpack_sharing_enabled":true,"publishpress_future_action":{"enabled":false,"date":"2026-05-08 02:50:28","action":"change-status","newStatus":"draft","terms":[],"taxonomy":"category","extraData":[]},"publishpress_future_workflow_manual_trigger":{"enabledWorkflows":[]},"_links":{"self":[{"href":"https:\/\/noticiasveracruz.com\/index.php\/wp-json\/wp\/v2\/posts\/49730","targetHints":{"allow":["GET"]}}],"collection":[{"href":"https:\/\/noticiasveracruz.com\/index.php\/wp-json\/wp\/v2\/posts"}],"about":[{"href":"https:\/\/noticiasveracruz.com\/index.php\/wp-json\/wp\/v2\/types\/post"}],"author":[{"embeddable":true,"href":"https:\/\/noticiasveracruz.com\/index.php\/wp-json\/wp\/v2\/users\/4"}],"replies":[{"embeddable":true,"href":"https:\/\/noticiasveracruz.com\/index.php\/wp-json\/wp\/v2\/comments?post=49730"}],"version-history":[{"count":0,"href":"https:\/\/noticiasveracruz.com\/index.php\/wp-json\/wp\/v2\/posts\/49730\/revisions"}],"wp:featuredmedia":[{"embeddable":true,"href":"https:\/\/noticiasveracruz.com\/index.php\/wp-json\/wp\/v2\/media\/49731"}],"wp:attachment":[{"href":"https:\/\/noticiasveracruz.com\/index.php\/wp-json\/wp\/v2\/media?parent=49730"}],"wp:term":[{"taxonomy":"category","embeddable":true,"href":"https:\/\/noticiasveracruz.com\/index.php\/wp-json\/wp\/v2\/categories?post=49730"},{"taxonomy":"post_tag","embeddable":true,"href":"https:\/\/noticiasveracruz.com\/index.php\/wp-json\/wp\/v2\/tags?post=49730"}],"curies":[{"name":"wp","href":"https:\/\/api.w.org\/{rel}","templated":true}]}}