{"id":49727,"date":"2025-02-07T00:13:11","date_gmt":"2025-02-07T06:13:11","guid":{"rendered":"https:\/\/noticiasveracruz.com\/?p=49727"},"modified":"2025-02-06T21:35:13","modified_gmt":"2025-02-07T03:35:13","slug":"llegan-refuerzos-del-ejercito-a-tabasco-ante-ola-de-violencia","status":"publish","type":"post","link":"https:\/\/noticiasveracruz.com\/index.php\/2025\/02\/07\/llegan-refuerzos-del-ejercito-a-tabasco-ante-ola-de-violencia\/","title":{"rendered":"Llegan refuerzos del Ej\u00e9rcito a Tabasco ante ola de violencia"},"content":{"rendered":"<p>Unos 300 elementos del Ej\u00e9rcito Mexicano arribaron esta ma\u00f1ana a Villahermosa para reforzar la seguridad en Tabasco, entidad en la que en los \u00faltimos meses se ha desbord\u00f3 la violencia a manos de organizaciones criminales.<\/p>\n<p>El env\u00edo de fuerzas federales al estado se da 24 horas despu\u00e9s de que la presidenta Claudia Sheinbaum desde la ciudad de Quer\u00e9taro anunciara un plan de seguridad para esta zona del sureste que ser\u00e1 implementado a partir del pr\u00f3ximo martes.<\/p>\n<p>Esta ma\u00f1ana la capital tabasque\u00f1a amaneci\u00f3 con un nuevo hecho de violencia, pues en las redes sociales se hizo viral la imagen de dos personas decapitados, presuntamente del gremio de pochimovileros (transporte p\u00fablico a trav\u00e9s de motocicletas).<\/p>\n<p>Entre tanto, en acciones de las fuerzas federales y estatales en el mes de enero en Tabasco fueron detenidos 128 generadores de violencia, adem\u00e1s del aseguramientos de armas, veh\u00edculo y drogas en distintos operativos llevados a cabo en el estado.<\/p>\n","protected":false},"excerpt":{"rendered":"<p>Unos 300 elementos del Ej\u00e9rcito Mexicano arribaron esta ma\u00f1ana a Villahermosa para reforzar la seguridad en Tabasco, entidad en la<\/p>\n","protected":false},"author":4,"featured_media":49728,"comment_status":"closed","ping_status":"closed","sticky":false,"template":"","format":"standard","meta":{"colormag_page_container_layout":"default_layout","colormag_page_sidebar_layout":"default_layout","_jetpack_memberships_contains_paid_content":false,"footnotes":"","jetpack_publicize_message":"","jetpack_publicize_feature_enabled":true,"jetpack_social_post_already_shared":true,"jetpack_social_options":{"image_generator_settings":{"template":"highway","default_image_id":0,"font":"","enabled":false},"version":2}},"categories":[145],"tags":[],"class_list":["post-49727","post","type-post","status-publish","format-standard","has-post-thumbnail","hentry","category-estados"],"jetpack_publicize_connections":[],"jetpack_featured_media_url":"https:\/\/noticiasveracruz.com\/wp-content\/uploads\/2025\/02\/SOLD.jpg","jetpack_sharing_enabled":true,"publishpress_future_action":{"enabled":false,"date":"2026-05-08 01:40:24","action":"change-status","newStatus":"draft","terms":[],"taxonomy":"category","extraData":[]},"publishpress_future_workflow_manual_trigger":{"enabledWorkflows":[]},"_links":{"self":[{"href":"https:\/\/noticiasveracruz.com\/index.php\/wp-json\/wp\/v2\/posts\/49727","targetHints":{"allow":["GET"]}}],"collection":[{"href":"https:\/\/noticiasveracruz.com\/index.php\/wp-json\/wp\/v2\/posts"}],"about":[{"href":"https:\/\/noticiasveracruz.com\/index.php\/wp-json\/wp\/v2\/types\/post"}],"author":[{"embeddable":true,"href":"https:\/\/noticiasveracruz.com\/index.php\/wp-json\/wp\/v2\/users\/4"}],"replies":[{"embeddable":true,"href":"https:\/\/noticiasveracruz.com\/index.php\/wp-json\/wp\/v2\/comments?post=49727"}],"version-history":[{"count":0,"href":"https:\/\/noticiasveracruz.com\/index.php\/wp-json\/wp\/v2\/posts\/49727\/revisions"}],"wp:featuredmedia":[{"embeddable":true,"href":"https:\/\/noticiasveracruz.com\/index.php\/wp-json\/wp\/v2\/media\/49728"}],"wp:attachment":[{"href":"https:\/\/noticiasveracruz.com\/index.php\/wp-json\/wp\/v2\/media?parent=49727"}],"wp:term":[{"taxonomy":"category","embeddable":true,"href":"https:\/\/noticiasveracruz.com\/index.php\/wp-json\/wp\/v2\/categories?post=49727"},{"taxonomy":"post_tag","embeddable":true,"href":"https:\/\/noticiasveracruz.com\/index.php\/wp-json\/wp\/v2\/tags?post=49727"}],"curies":[{"name":"wp","href":"https:\/\/api.w.org\/{rel}","templated":true}]}}