{"id":49715,"date":"2025-02-07T00:09:31","date_gmt":"2025-02-07T06:09:31","guid":{"rendered":"https:\/\/noticiasveracruz.com\/?p=49715"},"modified":"2025-02-06T21:23:21","modified_gmt":"2025-02-07T03:23:21","slug":"inauguran-puente-internacional-ferroviario-no-2-nuevo-laredo","status":"publish","type":"post","link":"https:\/\/noticiasveracruz.com\/index.php\/2025\/02\/07\/inauguran-puente-internacional-ferroviario-no-2-nuevo-laredo\/","title":{"rendered":"Inauguran Puente Internacional Ferroviario No. 2 -Nuevo Laredo"},"content":{"rendered":"<p>La empresa Canadian Pacific Kansas City (CPKC) inaugur\u00f3 este jueves el Segundo Puente Ferroviario Internacional en Nuevo Laredo, con lo que esta localidad es el \u00fanico punto fronterizo con dos cruces ferroviarios que conectan a M\u00e9xico con Estados Unidos y Canad\u00e1.<\/p>\n<p>La obra, realizada con una inversi\u00f3n de cien millones de d\u00f3lares, busca fortalecer el comercio entre los tres pa\u00edses y modernizar la infraestructura de transporte en la regi\u00f3n, afirm\u00f3 Oscar del Cueto, presidente de CPKC en M\u00e9xico.<\/p>\n<p>El nuevo puente, ubicado a 11 metros del ya existente, permitir\u00e1 la operaci\u00f3n simult\u00e1nea de trenes con mil 372 metros de nueva v\u00eda. Adem\u00e1s, se incorporaron sistemas de seguridad avanzados, como esc\u00e1neres para inspecci\u00f3n no intrusiva.<\/p>\n<p>Jes\u00fas Antonio Esteva Medina, secretario federal de Infraestructura, Comunicaciones y Transportes, asisti\u00f3 en representaci\u00f3n de la presidenta Claudia Sheinbaum. Durante su intervenci\u00f3n en la apertura, subray\u00f3 la relevancia del puente en el contexto del comercio internacional y la transformaci\u00f3n ferroviaria del pa\u00eds.<\/p>\n<p>\u201cLa Presidenta est\u00e1 convencida de que son tiempos de transformaci\u00f3n, tiempos de mujeres y ahora tambi\u00e9n tiempos de trenes. Gracias a este puente, se tendr\u00e1 la posibilidad de transportar mercanc\u00edas de una manera m\u00e1s r\u00e1pida, eficiente y segura desde el centro de M\u00e9xico hasta Canad\u00e1\u201d, sostuvo.<\/p>\n<p>Por su parte, el gobernador de Tamaulipas, Am\u00e9rico Villarreal Anaya, destac\u00f3 el papel estrat\u00e9gico de Nuevo Laredo en el comercio internacional. \u201cNuevo Laredo es la principal frontera de intercambio comercial del Tratado M\u00e9xico-Estados Unidos-Canad\u00e1. M\u00e1s del 44 por ciento de la carga terrestre y el 54 por ciento de la carga ferroviaria cruzan por aqu\u00ed. Con esta segunda l\u00ednea ferroviaria, la proyecci\u00f3n de desarrollo se incrementa exponencialmente\u201d, se\u00f1al\u00f3.<\/p>\n<p>Andr\u00e9s Lajous, titular de la Agencia Reguladora de Transporte Ferroviario, resalt\u00f3 el impacto del proyecto en el sistema ferroviario mexicano. \u201cEl objetivo de esta gran obra es tener una doble v\u00eda operativa, permitiendo el tr\u00e1nsito de trenes en ambas direcciones de manera simult\u00e1nea. Este puente es fundamental para ampliar el comercio entre M\u00e9xico, Estados Unidos y Canad\u00e1\u201d, expuso.<\/p>\n","protected":false},"excerpt":{"rendered":"<p>La empresa Canadian Pacific Kansas City (CPKC) inaugur\u00f3 este jueves el Segundo Puente Ferroviario Internacional en Nuevo Laredo, con lo<\/p>\n","protected":false},"author":4,"featured_media":49716,"comment_status":"closed","ping_status":"closed","sticky":false,"template":"","format":"standard","meta":{"colormag_page_container_layout":"default_layout","colormag_page_sidebar_layout":"default_layout","_jetpack_memberships_contains_paid_content":false,"footnotes":"","jetpack_publicize_message":"","jetpack_publicize_feature_enabled":true,"jetpack_social_post_already_shared":true,"jetpack_social_options":{"image_generator_settings":{"template":"highway","default_image_id":0,"font":"","enabled":false},"version":2}},"categories":[1947],"tags":[],"class_list":["post-49715","post","type-post","status-publish","format-standard","has-post-thumbnail","hentry","category-economia"],"jetpack_publicize_connections":[],"jetpack_featured_media_url":"https:\/\/noticiasveracruz.com\/wp-content\/uploads\/2025\/02\/TRE.jpg","jetpack_sharing_enabled":true,"publishpress_future_action":{"enabled":false,"date":"2026-05-07 23:07:40","action":"change-status","newStatus":"draft","terms":[],"taxonomy":"category","extraData":[]},"publishpress_future_workflow_manual_trigger":{"enabledWorkflows":[]},"_links":{"self":[{"href":"https:\/\/noticiasveracruz.com\/index.php\/wp-json\/wp\/v2\/posts\/49715","targetHints":{"allow":["GET"]}}],"collection":[{"href":"https:\/\/noticiasveracruz.com\/index.php\/wp-json\/wp\/v2\/posts"}],"about":[{"href":"https:\/\/noticiasveracruz.com\/index.php\/wp-json\/wp\/v2\/types\/post"}],"author":[{"embeddable":true,"href":"https:\/\/noticiasveracruz.com\/index.php\/wp-json\/wp\/v2\/users\/4"}],"replies":[{"embeddable":true,"href":"https:\/\/noticiasveracruz.com\/index.php\/wp-json\/wp\/v2\/comments?post=49715"}],"version-history":[{"count":0,"href":"https:\/\/noticiasveracruz.com\/index.php\/wp-json\/wp\/v2\/posts\/49715\/revisions"}],"wp:featuredmedia":[{"embeddable":true,"href":"https:\/\/noticiasveracruz.com\/index.php\/wp-json\/wp\/v2\/media\/49716"}],"wp:attachment":[{"href":"https:\/\/noticiasveracruz.com\/index.php\/wp-json\/wp\/v2\/media?parent=49715"}],"wp:term":[{"taxonomy":"category","embeddable":true,"href":"https:\/\/noticiasveracruz.com\/index.php\/wp-json\/wp\/v2\/categories?post=49715"},{"taxonomy":"post_tag","embeddable":true,"href":"https:\/\/noticiasveracruz.com\/index.php\/wp-json\/wp\/v2\/tags?post=49715"}],"curies":[{"name":"wp","href":"https:\/\/api.w.org\/{rel}","templated":true}]}}