{"id":49709,"date":"2025-02-07T00:07:18","date_gmt":"2025-02-07T06:07:18","guid":{"rendered":"https:\/\/noticiasveracruz.com\/?p=49709"},"modified":"2025-02-06T21:19:14","modified_gmt":"2025-02-07T03:19:14","slug":"trabajadores-de-radio-y-tv-alcanzan-incremento-salarial-del-3-8","status":"publish","type":"post","link":"https:\/\/noticiasveracruz.com\/index.php\/2025\/02\/07\/trabajadores-de-radio-y-tv-alcanzan-incremento-salarial-del-3-8\/","title":{"rendered":"Trabajadores de radio y TV alcanzan incremento salarial del 3.8%"},"content":{"rendered":"<p class=\"western\">Los trabajadores de la industria de la radio y la televisi\u00f3n obtuvieron un incremento global de 4.9 por ciento, que incluye 3.8 por ciento directo al salario y el resto a prestaciones, que ser\u00e1 retroactivo al 1\u00ba de febrero.<\/p>\n<p class=\"western\">Tras la firma del convenio salarial en el Centro Federal de Conciliaci\u00f3n y Registro Laboral, entre el Sindicato Industrial de Trabajadores y Artistas de la Televisi\u00f3n y la Radio (SITATYR) y la parte patronal, queda conjurada la huelga en el sector programada para el pr\u00f3ximo d\u00eda 10 de febrero.<\/p>\n<p class=\"western\">El dirigente sindical Patricio Flores resalt\u00f3 que lograron un acuerdo en beneficio de m\u00e1s de 40 mil trabajadores y que adem\u00e1s permite mantener las fuentes de empleo.<\/p>\n<p class=\"western\">Durante la firma del convenio tambi\u00e9n estuvo Jos\u00e9 Antonio Garc\u00eda Herrera, presidente de la C\u00e1mara Nacional de la Industria de la Radio y Televisi\u00f3n (CIRT).<\/p>\n<p class=\"western\">Las negociaciones iniciaron hace casi un mes; la solicitud original de aumento salarial era del 12 por ciento para los empleados de las telecomunicaciones.<\/p>\n","protected":false},"excerpt":{"rendered":"<p>Los trabajadores de la industria de la radio y la televisi\u00f3n obtuvieron un incremento global de 4.9 por ciento, que<\/p>\n","protected":false},"author":4,"featured_media":49710,"comment_status":"closed","ping_status":"closed","sticky":false,"template":"","format":"standard","meta":{"colormag_page_container_layout":"default_layout","colormag_page_sidebar_layout":"default_layout","_jetpack_memberships_contains_paid_content":false,"footnotes":"","jetpack_publicize_message":"","jetpack_publicize_feature_enabled":true,"jetpack_social_post_already_shared":true,"jetpack_social_options":{"image_generator_settings":{"template":"highway","default_image_id":0,"font":"","enabled":false},"version":2}},"categories":[4],"tags":[],"class_list":["post-49709","post","type-post","status-publish","format-standard","has-post-thumbnail","hentry","category-nacional"],"jetpack_publicize_connections":[],"jetpack_featured_media_url":"https:\/\/noticiasveracruz.com\/wp-content\/uploads\/2025\/02\/SDFFGC.jpg","jetpack_sharing_enabled":true,"publishpress_future_action":{"enabled":false,"date":"2026-05-07 21:34:16","action":"change-status","newStatus":"draft","terms":[],"taxonomy":"category","extraData":[]},"publishpress_future_workflow_manual_trigger":{"enabledWorkflows":[]},"_links":{"self":[{"href":"https:\/\/noticiasveracruz.com\/index.php\/wp-json\/wp\/v2\/posts\/49709","targetHints":{"allow":["GET"]}}],"collection":[{"href":"https:\/\/noticiasveracruz.com\/index.php\/wp-json\/wp\/v2\/posts"}],"about":[{"href":"https:\/\/noticiasveracruz.com\/index.php\/wp-json\/wp\/v2\/types\/post"}],"author":[{"embeddable":true,"href":"https:\/\/noticiasveracruz.com\/index.php\/wp-json\/wp\/v2\/users\/4"}],"replies":[{"embeddable":true,"href":"https:\/\/noticiasveracruz.com\/index.php\/wp-json\/wp\/v2\/comments?post=49709"}],"version-history":[{"count":0,"href":"https:\/\/noticiasveracruz.com\/index.php\/wp-json\/wp\/v2\/posts\/49709\/revisions"}],"wp:featuredmedia":[{"embeddable":true,"href":"https:\/\/noticiasveracruz.com\/index.php\/wp-json\/wp\/v2\/media\/49710"}],"wp:attachment":[{"href":"https:\/\/noticiasveracruz.com\/index.php\/wp-json\/wp\/v2\/media?parent=49709"}],"wp:term":[{"taxonomy":"category","embeddable":true,"href":"https:\/\/noticiasveracruz.com\/index.php\/wp-json\/wp\/v2\/categories?post=49709"},{"taxonomy":"post_tag","embeddable":true,"href":"https:\/\/noticiasveracruz.com\/index.php\/wp-json\/wp\/v2\/tags?post=49709"}],"curies":[{"name":"wp","href":"https:\/\/api.w.org\/{rel}","templated":true}]}}