{"id":49703,"date":"2025-02-07T00:05:43","date_gmt":"2025-02-07T06:05:43","guid":{"rendered":"https:\/\/noticiasveracruz.com\/?p=49703"},"modified":"2025-02-06T21:14:13","modified_gmt":"2025-02-07T03:14:13","slug":"falso-que-reforma-al-infonavit-ponga-en-riesgo-350-mil-mdp-dice-sheinbaum","status":"publish","type":"post","link":"https:\/\/noticiasveracruz.com\/index.php\/2025\/02\/07\/falso-que-reforma-al-infonavit-ponga-en-riesgo-350-mil-mdp-dice-sheinbaum\/","title":{"rendered":"Falso, que reforma al Infonavit ponga en riesgo 350 mil mdp, dice Sheinbaum"},"content":{"rendered":"<p>La presidenta Claudia Sheinbaum Pardo asegur\u00f3 este jueves que las modificaciones que su gobierno impulsa a la ley del Instituto del Fondo Nacional de la Vivienda para los Trabajadores (Infonavit) son para el beneficio de los trabajadores y dijo que son falsos los se\u00f1alamientos hechos por algunos representantes de sindicatos el sector empresarial respecto a que los cambios pongan en riesgo 350 mil millones de pesos del organismo.<\/p>\n<p>En su conferencia de prensa diaria en Palacio Nacional, la mandataria afirm\u00f3 que todo lo relacionado se queda \u201cqueda igual\u201d y resalt\u00f3 que \u201canteriormente no hab\u00eda transparencia y s\u00ed mucha corrupci\u00f3n\u201d.<\/p>\n<p>Tras referirse a las recientes revelaciones hechas por su gobierno sobre redes de corrupci\u00f3n en el Infonavit, Sheinbaum Pardo recalc\u00f3 que la nueva ley plantea que el consejo tripartita del instituto \u201csea parejo y transparente y sus fondos sean auditables\u201d.<\/p>\n<p>Cuestionada sobre si las reformas implicar\u00e1n riesgos para 350 mil millones de pesos de fondos del Infonavit, respondi\u00f3: \u201cFalso\u201d.<\/p>\n","protected":false},"excerpt":{"rendered":"<p>La presidenta Claudia Sheinbaum Pardo asegur\u00f3 este jueves que las modificaciones que su gobierno impulsa a la ley del Instituto<\/p>\n","protected":false},"author":4,"featured_media":49704,"comment_status":"closed","ping_status":"closed","sticky":false,"template":"","format":"standard","meta":{"colormag_page_container_layout":"default_layout","colormag_page_sidebar_layout":"default_layout","_jetpack_memberships_contains_paid_content":false,"footnotes":"","jetpack_publicize_message":"","jetpack_publicize_feature_enabled":true,"jetpack_social_post_already_shared":true,"jetpack_social_options":{"image_generator_settings":{"template":"highway","default_image_id":0,"font":"","enabled":false},"version":2}},"categories":[4],"tags":[],"class_list":["post-49703","post","type-post","status-publish","format-standard","has-post-thumbnail","hentry","category-nacional"],"jetpack_publicize_connections":[],"jetpack_featured_media_url":"https:\/\/noticiasveracruz.com\/wp-content\/uploads\/2025\/02\/AA1yxVrE.jpg","jetpack_sharing_enabled":true,"publishpress_future_action":{"enabled":false,"date":"2026-05-07 19:55:36","action":"change-status","newStatus":"draft","terms":[],"taxonomy":"category","extraData":[]},"publishpress_future_workflow_manual_trigger":{"enabledWorkflows":[]},"_links":{"self":[{"href":"https:\/\/noticiasveracruz.com\/index.php\/wp-json\/wp\/v2\/posts\/49703","targetHints":{"allow":["GET"]}}],"collection":[{"href":"https:\/\/noticiasveracruz.com\/index.php\/wp-json\/wp\/v2\/posts"}],"about":[{"href":"https:\/\/noticiasveracruz.com\/index.php\/wp-json\/wp\/v2\/types\/post"}],"author":[{"embeddable":true,"href":"https:\/\/noticiasveracruz.com\/index.php\/wp-json\/wp\/v2\/users\/4"}],"replies":[{"embeddable":true,"href":"https:\/\/noticiasveracruz.com\/index.php\/wp-json\/wp\/v2\/comments?post=49703"}],"version-history":[{"count":0,"href":"https:\/\/noticiasveracruz.com\/index.php\/wp-json\/wp\/v2\/posts\/49703\/revisions"}],"wp:featuredmedia":[{"embeddable":true,"href":"https:\/\/noticiasveracruz.com\/index.php\/wp-json\/wp\/v2\/media\/49704"}],"wp:attachment":[{"href":"https:\/\/noticiasveracruz.com\/index.php\/wp-json\/wp\/v2\/media?parent=49703"}],"wp:term":[{"taxonomy":"category","embeddable":true,"href":"https:\/\/noticiasveracruz.com\/index.php\/wp-json\/wp\/v2\/categories?post=49703"},{"taxonomy":"post_tag","embeddable":true,"href":"https:\/\/noticiasveracruz.com\/index.php\/wp-json\/wp\/v2\/tags?post=49703"}],"curies":[{"name":"wp","href":"https:\/\/api.w.org\/{rel}","templated":true}]}}