{"id":49697,"date":"2025-02-07T00:03:25","date_gmt":"2025-02-07T06:03:25","guid":{"rendered":"https:\/\/noticiasveracruz.com\/?p=49697"},"modified":"2025-02-06T20:46:06","modified_gmt":"2025-02-07T02:46:06","slug":"realizan-con-exito-primera-cirugia-fetal","status":"publish","type":"post","link":"https:\/\/noticiasveracruz.com\/index.php\/2025\/02\/07\/realizan-con-exito-primera-cirugia-fetal\/","title":{"rendered":"Realizan con \u00e9xito primera cirug\u00eda fetal"},"content":{"rendered":"<p>Gracias a un diagn\u00f3stico oportuno en atenci\u00f3n primaria, especialistas del Centro de Alta Especialidad (CAE) Dr. Rafael Lucio realizaron con \u00e9xito la primera cirug\u00eda fetal en Veracruz, interviniendo a una paciente con 26.2 semanas de gestaci\u00f3n para corregir un caso de mielomeningocele (espina b\u00edfida).<\/p>\n<p>La paciente, Mar\u00eda Guadalupe Espinoza Hern\u00e1ndez, de 33 a\u00f1os y originaria de Las Vigas de Ram\u00edrez, fue referida al CAE, donde se confirm\u00f3 la malformaci\u00f3n fetal y se le brind\u00f3 informaci\u00f3n sobre la posibilidad de una intervenci\u00f3n quir\u00fargica.<\/p>\n<p>Paralelamente, recibi\u00f3 atenci\u00f3n en la consulta de embarazo de alto riesgo y fue monitoreada por especialistas en neurolog\u00eda debido a su diagn\u00f3stico de epilepsia.<\/p>\n<p>\u201cLa cirug\u00eda fetal tiene distintos objetivos, como tratamiento, prevenci\u00f3n y paliaci\u00f3n. No todas las pacientes son candidatas, ya que deben cumplir criterios m\u00e9dicos y quir\u00fargicos muy espec\u00edficos\u201d, explic\u00f3 la jefa del Servicio de Ginecolog\u00eda del CAE, Berenice Venegas Espinoza.<\/p>\n<p>En tanto la subespecialista en Medicina Materno-Fetal, Am\u00e9rica P\u00e9rez, destac\u00f3 la importancia del diagn\u00f3stico temprano. \u201cEste caso se identific\u00f3 en el primer trimestre, entre las semanas 11 y 13, periodo clave para la detecci\u00f3n de malformaciones cong\u00e9nitas y la toma de decisiones m\u00e9dicas oportunas\u201d.<\/p>\n<p>A nivel institucional, la cirug\u00eda fetal no es com\u00fan en M\u00e9xico debido a su alto costo, en Veracruz, se llev\u00f3 a cabo por primera vez en un hospital p\u00fablico gracias al apoyo de la Secretar\u00eda de Salud, la infraestructura hospitalaria y el equipo de especialistas del CAE.<\/p>\n<p>\u201cGracias a Dios todo sali\u00f3 bien, espero que m\u00e1s mujeres tengan acceso a este tipo de atenci\u00f3n, porque es un procedimiento muy caro y aqu\u00ed me lo brindaron sin costo\u201d, expres\u00f3 Mar\u00eda Guadalupe, quien se encuentra en recuperaci\u00f3n en el \u00e1rea de Gineco-Obstetricia.<\/p>\n","protected":false},"excerpt":{"rendered":"<p>Gracias a un diagn\u00f3stico oportuno en atenci\u00f3n primaria, especialistas del Centro de Alta Especialidad (CAE) Dr. Rafael Lucio realizaron con<\/p>\n","protected":false},"author":4,"featured_media":49698,"comment_status":"closed","ping_status":"closed","sticky":false,"template":"","format":"standard","meta":{"colormag_page_container_layout":"default_layout","colormag_page_sidebar_layout":"default_layout","_jetpack_memberships_contains_paid_content":false,"footnotes":"","jetpack_publicize_message":"","jetpack_publicize_feature_enabled":true,"jetpack_social_post_already_shared":true,"jetpack_social_options":{"image_generator_settings":{"template":"highway","default_image_id":0,"font":"","enabled":false},"version":2}},"categories":[356],"tags":[],"class_list":["post-49697","post","type-post","status-publish","format-standard","has-post-thumbnail","hentry","category-veracruz"],"jetpack_publicize_connections":[],"jetpack_featured_media_url":"https:\/\/noticiasveracruz.com\/wp-content\/uploads\/2025\/02\/9b1.jpg","jetpack_sharing_enabled":true,"publishpress_future_action":{"enabled":false,"date":"2026-05-07 19:01:44","action":"change-status","newStatus":"draft","terms":[],"taxonomy":"category","extraData":[]},"publishpress_future_workflow_manual_trigger":{"enabledWorkflows":[]},"_links":{"self":[{"href":"https:\/\/noticiasveracruz.com\/index.php\/wp-json\/wp\/v2\/posts\/49697","targetHints":{"allow":["GET"]}}],"collection":[{"href":"https:\/\/noticiasveracruz.com\/index.php\/wp-json\/wp\/v2\/posts"}],"about":[{"href":"https:\/\/noticiasveracruz.com\/index.php\/wp-json\/wp\/v2\/types\/post"}],"author":[{"embeddable":true,"href":"https:\/\/noticiasveracruz.com\/index.php\/wp-json\/wp\/v2\/users\/4"}],"replies":[{"embeddable":true,"href":"https:\/\/noticiasveracruz.com\/index.php\/wp-json\/wp\/v2\/comments?post=49697"}],"version-history":[{"count":0,"href":"https:\/\/noticiasveracruz.com\/index.php\/wp-json\/wp\/v2\/posts\/49697\/revisions"}],"wp:featuredmedia":[{"embeddable":true,"href":"https:\/\/noticiasveracruz.com\/index.php\/wp-json\/wp\/v2\/media\/49698"}],"wp:attachment":[{"href":"https:\/\/noticiasveracruz.com\/index.php\/wp-json\/wp\/v2\/media?parent=49697"}],"wp:term":[{"taxonomy":"category","embeddable":true,"href":"https:\/\/noticiasveracruz.com\/index.php\/wp-json\/wp\/v2\/categories?post=49697"},{"taxonomy":"post_tag","embeddable":true,"href":"https:\/\/noticiasveracruz.com\/index.php\/wp-json\/wp\/v2\/tags?post=49697"}],"curies":[{"name":"wp","href":"https:\/\/api.w.org\/{rel}","templated":true}]}}