{"id":49694,"date":"2025-02-07T00:02:03","date_gmt":"2025-02-07T06:02:03","guid":{"rendered":"https:\/\/noticiasveracruz.com\/?p=49694"},"modified":"2025-02-06T20:44:53","modified_gmt":"2025-02-07T02:44:53","slug":"impulsa-transformacion-digital","status":"publish","type":"post","link":"https:\/\/noticiasveracruz.com\/index.php\/2025\/02\/07\/impulsa-transformacion-digital\/","title":{"rendered":"Impulsa transformaci\u00f3n digital"},"content":{"rendered":"<p>Optimizar costos y tiempos, simplificar tr\u00e1mites y mejorar la competitividad fueron los ejes del Quinto Foro Regional de Participaci\u00f3n Ciudadana: Administraci\u00f3n eficiente y digital.<\/p>\n<p>Este Foro forma parte del Plan Veracruzano de Desarrollo (PVD), el primero en al menos cinco administraciones dise\u00f1ado internamente, sin consultor\u00edas externas, lo que permite redirigir recursos a programas prioritarios.<\/p>\n<p>La Secretar\u00eda de Finanzas y Planeaci\u00f3n, a trav\u00e9s de la Contralor\u00eda General del Estado y la Coordinaci\u00f3n General de Comunicaci\u00f3n Social, impulsa mecanismos tecnol\u00f3gicos para rastrear cada acci\u00f3n y recurso, desde los ingresos hasta los egresos, fortaleciendo as\u00ed la rendici\u00f3n de cuentas.<\/p>\n<p>El contralor Ram\u00f3n Santos Navarro destac\u00f3 que modernizar la administraci\u00f3n p\u00fablica y aprovechar la tecnolog\u00eda para eliminar tr\u00e1mites obsoletos son pasos clave en la lucha contra la corrupci\u00f3n y la impunidad. \u201cEl paso decisivo ya se dio; ahora corresponde consolidar un gobierno m\u00e1s eficiente y transparente\u201d, afirm\u00f3.<\/p>\n<p>En representaci\u00f3n de la gobernadora Roc\u00edo Nahle Garc\u00eda, el subsecretario de Egresos, Pedro Miguel Rosaldo Garc\u00eda, explic\u00f3 abrir el dialogo para evaluar y mejorar el ciclo de vida de los recursos p\u00fablicos tiene el prop\u00f3sito de posicionar a Veracruz como l\u00edder en competitividad y desarrollo.<\/p>\n<p>El PVD se articula en cuatro ejes rectores: Bienestar Social, Econom\u00eda y Sustentabilidad, Comunicaci\u00f3n y Obra P\u00fablica, y Gobierno y Seguridad, adem\u00e1s de dos ejes transversales. En esta ocasi\u00f3n, el foro se centr\u00f3 en el eje Administraci\u00f3n Eficiente y Digital, mientras que el de Participaci\u00f3n e Inclusi\u00f3n Ciudadana se abordar\u00e1 el pr\u00f3ximo 12 de febrero en Papantla.<\/p>\n","protected":false},"excerpt":{"rendered":"<p>Optimizar costos y tiempos, simplificar tr\u00e1mites y mejorar la competitividad fueron los ejes del Quinto Foro Regional de Participaci\u00f3n Ciudadana:<\/p>\n","protected":false},"author":4,"featured_media":49695,"comment_status":"closed","ping_status":"closed","sticky":false,"template":"","format":"standard","meta":{"colormag_page_container_layout":"default_layout","colormag_page_sidebar_layout":"default_layout","_jetpack_memberships_contains_paid_content":false,"footnotes":"","jetpack_publicize_message":"","jetpack_publicize_feature_enabled":true,"jetpack_social_post_already_shared":true,"jetpack_social_options":{"image_generator_settings":{"template":"highway","default_image_id":0,"font":"","enabled":false},"version":2}},"categories":[356],"tags":[],"class_list":["post-49694","post","type-post","status-publish","format-standard","has-post-thumbnail","hentry","category-veracruz"],"jetpack_publicize_connections":[],"jetpack_featured_media_url":"https:\/\/noticiasveracruz.com\/wp-content\/uploads\/2025\/02\/9c-4.jpg","jetpack_sharing_enabled":true,"publishpress_future_action":{"enabled":false,"date":"2026-05-07 18:13:37","action":"change-status","newStatus":"draft","terms":[],"taxonomy":"category","extraData":[]},"publishpress_future_workflow_manual_trigger":{"enabledWorkflows":[]},"_links":{"self":[{"href":"https:\/\/noticiasveracruz.com\/index.php\/wp-json\/wp\/v2\/posts\/49694","targetHints":{"allow":["GET"]}}],"collection":[{"href":"https:\/\/noticiasveracruz.com\/index.php\/wp-json\/wp\/v2\/posts"}],"about":[{"href":"https:\/\/noticiasveracruz.com\/index.php\/wp-json\/wp\/v2\/types\/post"}],"author":[{"embeddable":true,"href":"https:\/\/noticiasveracruz.com\/index.php\/wp-json\/wp\/v2\/users\/4"}],"replies":[{"embeddable":true,"href":"https:\/\/noticiasveracruz.com\/index.php\/wp-json\/wp\/v2\/comments?post=49694"}],"version-history":[{"count":0,"href":"https:\/\/noticiasveracruz.com\/index.php\/wp-json\/wp\/v2\/posts\/49694\/revisions"}],"wp:featuredmedia":[{"embeddable":true,"href":"https:\/\/noticiasveracruz.com\/index.php\/wp-json\/wp\/v2\/media\/49695"}],"wp:attachment":[{"href":"https:\/\/noticiasveracruz.com\/index.php\/wp-json\/wp\/v2\/media?parent=49694"}],"wp:term":[{"taxonomy":"category","embeddable":true,"href":"https:\/\/noticiasveracruz.com\/index.php\/wp-json\/wp\/v2\/categories?post=49694"},{"taxonomy":"post_tag","embeddable":true,"href":"https:\/\/noticiasveracruz.com\/index.php\/wp-json\/wp\/v2\/tags?post=49694"}],"curies":[{"name":"wp","href":"https:\/\/api.w.org\/{rel}","templated":true}]}}