{"id":49678,"date":"2025-02-06T20:32:53","date_gmt":"2025-02-07T02:32:53","guid":{"rendered":"https:\/\/noticiasveracruz.com\/?p=49678"},"modified":"2025-02-06T20:32:53","modified_gmt":"2025-02-07T02:32:53","slug":"gran-asistencia-ciudadana-en-la-jornada-multidisciplinaria-que-llevo-a-cabo-la-sindicatura-unica","status":"publish","type":"post","link":"https:\/\/noticiasveracruz.com\/index.php\/2025\/02\/06\/gran-asistencia-ciudadana-en-la-jornada-multidisciplinaria-que-llevo-a-cabo-la-sindicatura-unica\/","title":{"rendered":"Gran asistencia ciudadana en la Jornada Multidisciplinaria que llev\u00f3 a cabo la Sindicatura \u00danica"},"content":{"rendered":"<p>Tuxpan, Ver., 6 de febrero de 2025.- Gran participaci\u00f3n ciudadana tuvieron los cursos que se desarrollan en la planta baja de presidencia municipal, dentro de las Jornadas Multidisciplinarias que realiza la sindicatura \u00fanica del gobierno de Tuxpan, a cargo de la Mtra. Beatriz Pi\u00f1a Vergara.<\/p>\n<p><img loading=\"lazy\" decoding=\"async\" class=\"alignnone size-medium wp-image-49689\" src=\"http:\/\/noticiasveracruz.com\/wp-content\/uploads\/2025\/02\/WhatsApp-Image-2025-02-06-at-15.26.57-300x169.jpeg\" alt=\"\" width=\"300\" height=\"169\" srcset=\"https:\/\/noticiasveracruz.com\/wp-content\/uploads\/2025\/02\/WhatsApp-Image-2025-02-06-at-15.26.57-300x169.jpeg 300w, https:\/\/noticiasveracruz.com\/wp-content\/uploads\/2025\/02\/WhatsApp-Image-2025-02-06-at-15.26.57-1024x576.jpeg 1024w, https:\/\/noticiasveracruz.com\/wp-content\/uploads\/2025\/02\/WhatsApp-Image-2025-02-06-at-15.26.57-768x432.jpeg 768w, https:\/\/noticiasveracruz.com\/wp-content\/uploads\/2025\/02\/WhatsApp-Image-2025-02-06-at-15.26.57-1536x864.jpeg 1536w, https:\/\/noticiasveracruz.com\/wp-content\/uploads\/2025\/02\/WhatsApp-Image-2025-02-06-at-15.26.57.jpeg 1600w\" sizes=\"auto, (max-width: 300px) 100vw, 300px\" \/><\/p>\n<p>Decenas de personas asistieron a los talleres de elaboraci\u00f3n de art\u00edculos con list\u00f3n, de manualidades con cart\u00f3n reciclado y de jabones artesanales que imparten la fundaci\u00f3n \u201cSin miedo a trabajar contigo\u201d, Creaciones Dise\u00f1Oso y Stylos Studio, respectivamente.<\/p>\n<p><img loading=\"lazy\" decoding=\"async\" class=\"alignnone size-medium wp-image-49688\" src=\"http:\/\/noticiasveracruz.com\/wp-content\/uploads\/2025\/02\/WhatsApp-Image-2025-02-06-at-15.26.57-2-300x169.jpeg\" alt=\"\" width=\"300\" height=\"169\" srcset=\"https:\/\/noticiasveracruz.com\/wp-content\/uploads\/2025\/02\/WhatsApp-Image-2025-02-06-at-15.26.57-2-300x169.jpeg 300w, https:\/\/noticiasveracruz.com\/wp-content\/uploads\/2025\/02\/WhatsApp-Image-2025-02-06-at-15.26.57-2-1024x576.jpeg 1024w, https:\/\/noticiasveracruz.com\/wp-content\/uploads\/2025\/02\/WhatsApp-Image-2025-02-06-at-15.26.57-2-768x432.jpeg 768w, https:\/\/noticiasveracruz.com\/wp-content\/uploads\/2025\/02\/WhatsApp-Image-2025-02-06-at-15.26.57-2-1536x864.jpeg 1536w, https:\/\/noticiasveracruz.com\/wp-content\/uploads\/2025\/02\/WhatsApp-Image-2025-02-06-at-15.26.57-2.jpeg 1600w\" sizes=\"auto, (max-width: 300px) 100vw, 300px\" \/><\/p>\n<p>Como cada semana, tambi\u00e9n particip\u00f3 el Instituto de Belleza \u201cThe Queens\u201d, con cortes de cabello sin costo.<\/p>\n<p><img loading=\"lazy\" decoding=\"async\" class=\"alignnone size-medium wp-image-49684\" src=\"http:\/\/noticiasveracruz.com\/wp-content\/uploads\/2025\/02\/WhatsApp-Image-2025-02-06-at-15.26.56-4-300x252.jpeg\" alt=\"\" width=\"300\" height=\"252\" srcset=\"https:\/\/noticiasveracruz.com\/wp-content\/uploads\/2025\/02\/WhatsApp-Image-2025-02-06-at-15.26.56-4-300x252.jpeg 300w, https:\/\/noticiasveracruz.com\/wp-content\/uploads\/2025\/02\/WhatsApp-Image-2025-02-06-at-15.26.56-4-1024x860.jpeg 1024w, https:\/\/noticiasveracruz.com\/wp-content\/uploads\/2025\/02\/WhatsApp-Image-2025-02-06-at-15.26.56-4-768x645.jpeg 768w, https:\/\/noticiasveracruz.com\/wp-content\/uploads\/2025\/02\/WhatsApp-Image-2025-02-06-at-15.26.56-4-1536x1289.jpeg 1536w, https:\/\/noticiasveracruz.com\/wp-content\/uploads\/2025\/02\/WhatsApp-Image-2025-02-06-at-15.26.56-4.jpeg 1600w\" sizes=\"auto, (max-width: 300px) 100vw, 300px\" \/><\/p>\n<p>Dentro de esta misma jornada estuvieron presentes profesionales del Grupo \u00d3ptico del Totonacapan, practicando gratuitamente revisiones visuales y ofreciendo, a quien lo requiriera, la adquisici\u00f3n de lentes graduados a un bajo costo.<\/p>\n<p><img loading=\"lazy\" decoding=\"async\" class=\"alignnone size-medium wp-image-49687\" src=\"http:\/\/noticiasveracruz.com\/wp-content\/uploads\/2025\/02\/WhatsApp-Image-2025-02-06-at-15.26.57-1-300x169.jpeg\" alt=\"\" width=\"300\" height=\"169\" srcset=\"https:\/\/noticiasveracruz.com\/wp-content\/uploads\/2025\/02\/WhatsApp-Image-2025-02-06-at-15.26.57-1-300x169.jpeg 300w, https:\/\/noticiasveracruz.com\/wp-content\/uploads\/2025\/02\/WhatsApp-Image-2025-02-06-at-15.26.57-1-1024x576.jpeg 1024w, https:\/\/noticiasveracruz.com\/wp-content\/uploads\/2025\/02\/WhatsApp-Image-2025-02-06-at-15.26.57-1-768x432.jpeg 768w, https:\/\/noticiasveracruz.com\/wp-content\/uploads\/2025\/02\/WhatsApp-Image-2025-02-06-at-15.26.57-1-1536x864.jpeg 1536w, https:\/\/noticiasveracruz.com\/wp-content\/uploads\/2025\/02\/WhatsApp-Image-2025-02-06-at-15.26.57-1.jpeg 1600w\" sizes=\"auto, (max-width: 300px) 100vw, 300px\" \/><\/p>\n<p>La s\u00edndica Beatriz Pi\u00f1a destac\u00f3 que, a trav\u00e9s de la jornada de Salud Visual Escolar, que se llevan a cabo en diversas instituciones educativas de la zona urbana y rural, se han atendido a ni\u00f1as y ni\u00f1os de 37 escuelas del municipio con ex\u00e1menes de la vista gratuitos.<\/p>\n<p><img loading=\"lazy\" decoding=\"async\" class=\"alignnone size-medium wp-image-49686\" src=\"http:\/\/noticiasveracruz.com\/wp-content\/uploads\/2025\/02\/WhatsApp-Image-2025-02-06-at-15.26.56-300x169.jpeg\" alt=\"\" width=\"300\" height=\"169\" srcset=\"https:\/\/noticiasveracruz.com\/wp-content\/uploads\/2025\/02\/WhatsApp-Image-2025-02-06-at-15.26.56-300x169.jpeg 300w, https:\/\/noticiasveracruz.com\/wp-content\/uploads\/2025\/02\/WhatsApp-Image-2025-02-06-at-15.26.56-1024x576.jpeg 1024w, https:\/\/noticiasveracruz.com\/wp-content\/uploads\/2025\/02\/WhatsApp-Image-2025-02-06-at-15.26.56-768x432.jpeg 768w, https:\/\/noticiasveracruz.com\/wp-content\/uploads\/2025\/02\/WhatsApp-Image-2025-02-06-at-15.26.56-1536x864.jpeg 1536w, https:\/\/noticiasveracruz.com\/wp-content\/uploads\/2025\/02\/WhatsApp-Image-2025-02-06-at-15.26.56.jpeg 1600w\" sizes=\"auto, (max-width: 300px) 100vw, 300px\" \/><\/p>\n<p>En ese sentido, la edil se\u00f1al\u00f3: \u201clos problemas de visi\u00f3n en nuestras ni\u00f1as y ni\u00f1os no afectan \u00fanicamente su desempe\u00f1o escolar, sino tambi\u00e9n su vida cotidiana, por ello es fundamental cuidar la salud visual desde temprana edad\u201d.<\/p>\n<p><img loading=\"lazy\" decoding=\"async\" class=\"alignnone size-medium wp-image-49685\" src=\"http:\/\/noticiasveracruz.com\/wp-content\/uploads\/2025\/02\/WhatsApp-Image-2025-02-06-at-15.26.56-5-300x169.jpeg\" alt=\"\" width=\"300\" height=\"169\" srcset=\"https:\/\/noticiasveracruz.com\/wp-content\/uploads\/2025\/02\/WhatsApp-Image-2025-02-06-at-15.26.56-5-300x169.jpeg 300w, https:\/\/noticiasveracruz.com\/wp-content\/uploads\/2025\/02\/WhatsApp-Image-2025-02-06-at-15.26.56-5-1024x576.jpeg 1024w, https:\/\/noticiasveracruz.com\/wp-content\/uploads\/2025\/02\/WhatsApp-Image-2025-02-06-at-15.26.56-5-768x432.jpeg 768w, https:\/\/noticiasveracruz.com\/wp-content\/uploads\/2025\/02\/WhatsApp-Image-2025-02-06-at-15.26.56-5-1536x864.jpeg 1536w, https:\/\/noticiasveracruz.com\/wp-content\/uploads\/2025\/02\/WhatsApp-Image-2025-02-06-at-15.26.56-5.jpeg 1600w\" sizes=\"auto, (max-width: 300px) 100vw, 300px\" \/><\/p>\n<p>Mencion\u00f3 que las instituciones educativas que deseen que esta campa\u00f1a se realice en sus planteles, pueden solicitarlo enviando un mensaje a su p\u00e1gina oficial de Facebook o bien acudir a la oficina de Sindicatura \u00danica, ubicada en la planta alta de la presidencia municipal.<\/p>\n<p><img loading=\"lazy\" decoding=\"async\" class=\"alignnone size-medium wp-image-49683\" src=\"http:\/\/noticiasveracruz.com\/wp-content\/uploads\/2025\/02\/WhatsApp-Image-2025-02-06-at-15.26.56-3-300x189.jpeg\" alt=\"\" width=\"300\" height=\"189\" srcset=\"https:\/\/noticiasveracruz.com\/wp-content\/uploads\/2025\/02\/WhatsApp-Image-2025-02-06-at-15.26.56-3-300x189.jpeg 300w, https:\/\/noticiasveracruz.com\/wp-content\/uploads\/2025\/02\/WhatsApp-Image-2025-02-06-at-15.26.56-3-1024x644.jpeg 1024w, https:\/\/noticiasveracruz.com\/wp-content\/uploads\/2025\/02\/WhatsApp-Image-2025-02-06-at-15.26.56-3-768x483.jpeg 768w, https:\/\/noticiasveracruz.com\/wp-content\/uploads\/2025\/02\/WhatsApp-Image-2025-02-06-at-15.26.56-3-1536x966.jpeg 1536w, https:\/\/noticiasveracruz.com\/wp-content\/uploads\/2025\/02\/WhatsApp-Image-2025-02-06-at-15.26.56-3.jpeg 1600w\" sizes=\"auto, (max-width: 300px) 100vw, 300px\" \/><\/p>\n<p>Del mismo modo, reiter\u00f3 la invitaci\u00f3n a la poblaci\u00f3n a asistir todos los jueves a las jornadas multidisciplinarias, en horario de 10:00 a 14:00 horas, y beneficiarse con los servicios estas brindan.<\/p>\n<p><img loading=\"lazy\" decoding=\"async\" class=\"alignnone size-medium wp-image-49682\" src=\"http:\/\/noticiasveracruz.com\/wp-content\/uploads\/2025\/02\/WhatsApp-Image-2025-02-06-at-15.26.56-2-300x169.jpeg\" alt=\"\" width=\"300\" height=\"169\" srcset=\"https:\/\/noticiasveracruz.com\/wp-content\/uploads\/2025\/02\/WhatsApp-Image-2025-02-06-at-15.26.56-2-300x169.jpeg 300w, https:\/\/noticiasveracruz.com\/wp-content\/uploads\/2025\/02\/WhatsApp-Image-2025-02-06-at-15.26.56-2-1024x576.jpeg 1024w, https:\/\/noticiasveracruz.com\/wp-content\/uploads\/2025\/02\/WhatsApp-Image-2025-02-06-at-15.26.56-2-768x432.jpeg 768w, https:\/\/noticiasveracruz.com\/wp-content\/uploads\/2025\/02\/WhatsApp-Image-2025-02-06-at-15.26.56-2-1536x864.jpeg 1536w, https:\/\/noticiasveracruz.com\/wp-content\/uploads\/2025\/02\/WhatsApp-Image-2025-02-06-at-15.26.56-2.jpeg 1600w\" sizes=\"auto, (max-width: 300px) 100vw, 300px\" \/> <img loading=\"lazy\" decoding=\"async\" class=\"alignnone size-medium wp-image-49681\" src=\"http:\/\/noticiasveracruz.com\/wp-content\/uploads\/2025\/02\/WhatsApp-Image-2025-02-06-at-15.26.56-1-300x169.jpeg\" alt=\"\" width=\"300\" height=\"169\" srcset=\"https:\/\/noticiasveracruz.com\/wp-content\/uploads\/2025\/02\/WhatsApp-Image-2025-02-06-at-15.26.56-1-300x169.jpeg 300w, https:\/\/noticiasveracruz.com\/wp-content\/uploads\/2025\/02\/WhatsApp-Image-2025-02-06-at-15.26.56-1-1024x576.jpeg 1024w, https:\/\/noticiasveracruz.com\/wp-content\/uploads\/2025\/02\/WhatsApp-Image-2025-02-06-at-15.26.56-1-768x432.jpeg 768w, https:\/\/noticiasveracruz.com\/wp-content\/uploads\/2025\/02\/WhatsApp-Image-2025-02-06-at-15.26.56-1-1536x864.jpeg 1536w, https:\/\/noticiasveracruz.com\/wp-content\/uploads\/2025\/02\/WhatsApp-Image-2025-02-06-at-15.26.56-1.jpeg 1600w\" sizes=\"auto, (max-width: 300px) 100vw, 300px\" \/> <img loading=\"lazy\" decoding=\"async\" class=\"alignnone size-medium wp-image-49679\" src=\"http:\/\/noticiasveracruz.com\/wp-content\/uploads\/2025\/02\/WhatsApp-Image-2025-02-06-at-15.26.55-1-300x169.jpeg\" alt=\"\" width=\"300\" height=\"169\" srcset=\"https:\/\/noticiasveracruz.com\/wp-content\/uploads\/2025\/02\/WhatsApp-Image-2025-02-06-at-15.26.55-1-300x169.jpeg 300w, https:\/\/noticiasveracruz.com\/wp-content\/uploads\/2025\/02\/WhatsApp-Image-2025-02-06-at-15.26.55-1-1024x576.jpeg 1024w, https:\/\/noticiasveracruz.com\/wp-content\/uploads\/2025\/02\/WhatsApp-Image-2025-02-06-at-15.26.55-1-768x432.jpeg 768w, https:\/\/noticiasveracruz.com\/wp-content\/uploads\/2025\/02\/WhatsApp-Image-2025-02-06-at-15.26.55-1-1536x864.jpeg 1536w, https:\/\/noticiasveracruz.com\/wp-content\/uploads\/2025\/02\/WhatsApp-Image-2025-02-06-at-15.26.55-1.jpeg 1600w\" sizes=\"auto, (max-width: 300px) 100vw, 300px\" \/><\/p>\n","protected":false},"excerpt":{"rendered":"<p>Tuxpan, Ver., 6 de febrero de 2025.- Gran participaci\u00f3n ciudadana tuvieron los cursos que se desarrollan en la planta baja<\/p>\n","protected":false},"author":4,"featured_media":49680,"comment_status":"closed","ping_status":"closed","sticky":false,"template":"","format":"standard","meta":{"colormag_page_container_layout":"default_layout","colormag_page_sidebar_layout":"default_layout","_jetpack_memberships_contains_paid_content":false,"footnotes":"","jetpack_publicize_message":"","jetpack_publicize_feature_enabled":true,"jetpack_social_post_already_shared":true,"jetpack_social_options":{"image_generator_settings":{"template":"highway","default_image_id":0,"font":"","enabled":false},"version":2}},"categories":[3372,356],"tags":[],"class_list":["post-49678","post","type-post","status-publish","format-standard","has-post-thumbnail","hentry","category-gobierno-tuxpan","category-veracruz"],"jetpack_publicize_connections":[],"jetpack_featured_media_url":"https:\/\/noticiasveracruz.com\/wp-content\/uploads\/2025\/02\/WhatsApp-Image-2025-02-06-at-15.26.55.jpeg","jetpack_sharing_enabled":true,"publishpress_future_action":{"enabled":false,"date":"2026-05-07 16:46:03","action":"change-status","newStatus":"draft","terms":[],"taxonomy":"category","extraData":[]},"publishpress_future_workflow_manual_trigger":{"enabledWorkflows":[]},"_links":{"self":[{"href":"https:\/\/noticiasveracruz.com\/index.php\/wp-json\/wp\/v2\/posts\/49678","targetHints":{"allow":["GET"]}}],"collection":[{"href":"https:\/\/noticiasveracruz.com\/index.php\/wp-json\/wp\/v2\/posts"}],"about":[{"href":"https:\/\/noticiasveracruz.com\/index.php\/wp-json\/wp\/v2\/types\/post"}],"author":[{"embeddable":true,"href":"https:\/\/noticiasveracruz.com\/index.php\/wp-json\/wp\/v2\/users\/4"}],"replies":[{"embeddable":true,"href":"https:\/\/noticiasveracruz.com\/index.php\/wp-json\/wp\/v2\/comments?post=49678"}],"version-history":[{"count":0,"href":"https:\/\/noticiasveracruz.com\/index.php\/wp-json\/wp\/v2\/posts\/49678\/revisions"}],"wp:featuredmedia":[{"embeddable":true,"href":"https:\/\/noticiasveracruz.com\/index.php\/wp-json\/wp\/v2\/media\/49680"}],"wp:attachment":[{"href":"https:\/\/noticiasveracruz.com\/index.php\/wp-json\/wp\/v2\/media?parent=49678"}],"wp:term":[{"taxonomy":"category","embeddable":true,"href":"https:\/\/noticiasveracruz.com\/index.php\/wp-json\/wp\/v2\/categories?post=49678"},{"taxonomy":"post_tag","embeddable":true,"href":"https:\/\/noticiasveracruz.com\/index.php\/wp-json\/wp\/v2\/tags?post=49678"}],"curies":[{"name":"wp","href":"https:\/\/api.w.org\/{rel}","templated":true}]}}