{"id":49675,"date":"2025-02-06T20:28:45","date_gmt":"2025-02-07T02:28:45","guid":{"rendered":"https:\/\/noticiasveracruz.com\/?p=49675"},"modified":"2025-02-06T20:28:45","modified_gmt":"2025-02-07T02:28:45","slug":"sabado-8-y-domingo-9-de-febrero-se-realizara-en-la-plaza-civica-el-bazar-del-amor-y-la-amistad","status":"publish","type":"post","link":"https:\/\/noticiasveracruz.com\/index.php\/2025\/02\/06\/sabado-8-y-domingo-9-de-febrero-se-realizara-en-la-plaza-civica-el-bazar-del-amor-y-la-amistad\/","title":{"rendered":"S\u00e1bado 8 y domingo 9 de febrero se realizar\u00e1 en la plaza c\u00edvica el Bazar del Amor y la Amistad"},"content":{"rendered":"<p>Tuxpan, Ver., 06 de febrero de 2025.- Se invita a la poblaci\u00f3n al Bazar del Amor y la Amistad, que se llevar\u00e1 a cabo el pr\u00f3ximo s\u00e1bado 8 y domingo 9 de febrero en la plaza c\u00edvica, de 10:00 de la ma\u00f1ana a 9:00 de la noche.<\/p>\n<p>En el evento que realiza la Regidur\u00eda Sexta del H. Ayuntamiento de Tuxpan, a cargo de la Lic. Lucero Res\u00e9ndis Ambrocio, se ofertar\u00e1 una amplia variedad de productos: dulces, postres, ropa, accesorios, artesan\u00edas, art\u00edculos personalizados y m\u00e1s.<\/p>\n<p>Adem\u00e1s de fomentar el consumo local, con este bazar se impulsa el desarrollo de comercios y emprendedores, brind\u00e1ndoles una plataforma para dar a conocer sus productos de manera directa a la ciudadan\u00eda.<\/p>\n","protected":false},"excerpt":{"rendered":"<p>Tuxpan, Ver., 06 de febrero de 2025.- Se invita a la poblaci\u00f3n al Bazar del Amor y la Amistad, que<\/p>\n","protected":false},"author":4,"featured_media":49676,"comment_status":"closed","ping_status":"closed","sticky":false,"template":"","format":"standard","meta":{"colormag_page_container_layout":"default_layout","colormag_page_sidebar_layout":"default_layout","_jetpack_memberships_contains_paid_content":false,"footnotes":"","jetpack_publicize_message":"","jetpack_publicize_feature_enabled":true,"jetpack_social_post_already_shared":true,"jetpack_social_options":{"image_generator_settings":{"template":"highway","default_image_id":0,"font":"","enabled":false},"version":2}},"categories":[3372,356],"tags":[],"class_list":["post-49675","post","type-post","status-publish","format-standard","has-post-thumbnail","hentry","category-gobierno-tuxpan","category-veracruz"],"jetpack_publicize_connections":[],"jetpack_featured_media_url":"https:\/\/noticiasveracruz.com\/wp-content\/uploads\/2025\/02\/WhatsApp-Image-2025-02-06-at-14.41.31.jpeg","jetpack_sharing_enabled":true,"publishpress_future_action":{"enabled":false,"date":"2026-05-07 15:56:00","action":"change-status","newStatus":"draft","terms":[],"taxonomy":"category","extraData":[]},"publishpress_future_workflow_manual_trigger":{"enabledWorkflows":[]},"_links":{"self":[{"href":"https:\/\/noticiasveracruz.com\/index.php\/wp-json\/wp\/v2\/posts\/49675","targetHints":{"allow":["GET"]}}],"collection":[{"href":"https:\/\/noticiasveracruz.com\/index.php\/wp-json\/wp\/v2\/posts"}],"about":[{"href":"https:\/\/noticiasveracruz.com\/index.php\/wp-json\/wp\/v2\/types\/post"}],"author":[{"embeddable":true,"href":"https:\/\/noticiasveracruz.com\/index.php\/wp-json\/wp\/v2\/users\/4"}],"replies":[{"embeddable":true,"href":"https:\/\/noticiasveracruz.com\/index.php\/wp-json\/wp\/v2\/comments?post=49675"}],"version-history":[{"count":0,"href":"https:\/\/noticiasveracruz.com\/index.php\/wp-json\/wp\/v2\/posts\/49675\/revisions"}],"wp:featuredmedia":[{"embeddable":true,"href":"https:\/\/noticiasveracruz.com\/index.php\/wp-json\/wp\/v2\/media\/49676"}],"wp:attachment":[{"href":"https:\/\/noticiasveracruz.com\/index.php\/wp-json\/wp\/v2\/media?parent=49675"}],"wp:term":[{"taxonomy":"category","embeddable":true,"href":"https:\/\/noticiasveracruz.com\/index.php\/wp-json\/wp\/v2\/categories?post=49675"},{"taxonomy":"post_tag","embeddable":true,"href":"https:\/\/noticiasveracruz.com\/index.php\/wp-json\/wp\/v2\/tags?post=49675"}],"curies":[{"name":"wp","href":"https:\/\/api.w.org\/{rel}","templated":true}]}}